{"id":16389,"date":"2011-05-12T16:22:51","date_gmt":"2011-05-12T14:22:51","guid":{"rendered":"https:\/\/mediarun.com\/index.php\/warszawa-ma-aleje-radiowej-trojki\/"},"modified":"2011-05-12T16:22:51","modified_gmt":"2011-05-12T14:22:51","slug":"warszawa-ma-aleje-radiowej-trojki","status":"publish","type":"post","link":"https:\/\/mediarun.com\/pl\/marketing\/warszawa-ma-aleje-radiowej-trojki.html","title":{"rendered":"Warszawa ma Alej\u0119 Radiowej Tr\u00f3jki"},"content":{"rendered":"<p>Rada Miasta st. Warszawy pozytywnie rozpatrzy\u0142a wniosek Programu III o nadanie takiej nazwy alejce w Parku Agrykola, prowadz\u0105cej wzd\u0142u\u017c Kana\u0142u Piaseczy\u0144skiego od ulicy My\u015bliwieckiej w stron\u0119 Zamku Ujazdowskiego w Warszawie.<\/p>\n<p>Pomys\u0142 nadania nazwy zwi\u0105zanej z Tr&oacute;jk\u0105 powsta\u0142 w\u015br&oacute;d s\u0142uchaczy rozg\u0142o\u015bni. Wniosek do Rady Miasta st. Warszawy skierowa\u0142a dyrektor Tr&oacute;jki Magda Jethon.<\/p>\n<p>&#8211; Nasza stacja mocno identyfikuje si\u0119 z miejscem, w kt&oacute;rym dzia\u0142a od tak wielu lat. W zwi\u0105zku z t\u0105 radosn\u0105 nowin\u0105 przygotowujemy ju\u017c dla naszych s\u0142uchaczy niespodziank\u0119. Obiecujemy spektakularne i bardzo &#8222;tr&oacute;jkowe&#8221; wydarzenie odpowiadaj\u0105ce charakterem Programowi III &#8211; m&oacute;wi Magda Jethon.<\/p>\n<p>Tr&oacute;jka ma ju\u017c skwer swojego imienia w Szklarskiej Por\u0119bie &#8211; zimowej stolicy Programu III.<\/p>\n","protected":false},"excerpt":{"rendered":"Od 12 maja br. jedna z uliczek w warszawskim Parku Agrykola nosi nazw\u0119 Alei Radiowej Tr&oacute;jki.","protected":false},"author":1,"featured_media":16390,"comment_status":"open","ping_status":"closed","sticky":false,"template":"","format":"standard","meta":{"csco_display_header_overlay":false,"csco_singular_sidebar":"","csco_page_header_type":"","csco_page_load_nextpost":"","csco_post_video_location":[],"csco_post_video_location_hash":"","csco_post_video_url":"","csco_post_video_bg_start_time":0,"csco_post_video_bg_end_time":0,"footnotes":""},"categories":[],"tags":[405,1098],"class_list":{"0":"post-16389","1":"post","2":"type-post","3":"status-publish","4":"format-standard","5":"has-post-thumbnail","7":"tag-polskie-radio","8":"tag-radio-trojka","9":"cs-entry","10":"cs-video-wrap"},"_links":{"self":[{"href":"https:\/\/mediarun.com\/pl\/wp-json\/wp\/v2\/posts\/16389","targetHints":{"allow":["GET"]}}],"collection":[{"href":"https:\/\/mediarun.com\/pl\/wp-json\/wp\/v2\/posts"}],"about":[{"href":"https:\/\/mediarun.com\/pl\/wp-json\/wp\/v2\/types\/post"}],"author":[{"embeddable":true,"href":"https:\/\/mediarun.com\/pl\/wp-json\/wp\/v2\/users\/1"}],"replies":[{"embeddable":true,"href":"https:\/\/mediarun.com\/pl\/wp-json\/wp\/v2\/comments?post=16389"}],"version-history":[{"count":0,"href":"https:\/\/mediarun.com\/pl\/wp-json\/wp\/v2\/posts\/16389\/revisions"}],"wp:featuredmedia":[{"embeddable":true,"href":"https:\/\/mediarun.com\/pl\/wp-json\/wp\/v2\/media\/16390"}],"wp:attachment":[{"href":"https:\/\/mediarun.com\/pl\/wp-json\/wp\/v2\/media?parent=16389"}],"wp:term":[{"taxonomy":"category","embeddable":true,"href":"https:\/\/mediarun.com\/pl\/wp-json\/wp\/v2\/categories?post=16389"},{"taxonomy":"post_tag","embeddable":true,"href":"https:\/\/mediarun.com\/pl\/wp-json\/wp\/v2\/tags?post=16389"}],"curies":[{"name":"wp","href":"https:\/\/api.w.org\/{rel}","templated":true}]}}