{"id":163748,"date":"2015-12-14T14:26:49","date_gmt":"2015-12-14T13:26:49","guid":{"rendered":"https:\/\/mediarun.com\/pl\/?p=163748"},"modified":"2015-12-14T14:26:49","modified_gmt":"2015-12-14T13:26:49","slug":"hejterzy-ukarani","status":"publish","type":"post","link":"https:\/\/mediarun.com\/pl\/marketing\/pr\/hejterzy-ukarani.html","title":{"rendered":"Billboardy FB na ulicach? Zobacz nietypow\u0105 akcj\u0119 spo\u0142eczn\u0105"},"content":{"rendered":"<p><b>Walcz\u0105ca o prawa cz\u0142owieka organizacja spo\u0142eczna Criola, postanowi\u0142a w do\u015b\u0107 niecodzienny spos\u00f3b odpowiedzie\u0107 na zjawisko internetowego &#8222;hejtu&#8221; i rasizmu. Criola przenosi komentarze z serwis\u00f3w spo\u0142eczno\u015bciowych na billboardy, a te stawia w pobli\u017cu miejsca zamieszkania autor\u00f3w wpis\u00f3w. Hejt jest zjawiskiem, z kt\u00f3rym coraz trudniej walczy\u0107, rozprzestrzenia si\u0119 b\u0142yskawicznie, a konsekwencje zachowa\u0144, jakie przynosi, niejednokrotnie s\u0105 wr\u0119cz tragiczne.<\/b><\/p>\n<p>Si\u0142a internetu jest nadzwyczajnie pot\u0119\u017cna. Udowadnia to organizacja spo\u0142eczna, kt\u00f3ra na sw\u00f3j spos\u00f3b postanowi\u0142a da\u0107 lekcj\u0119 odpowiedzialno\u015bci autorom obra\u017aliwych tre\u015bci w sieci. W ten spos\u00f3b,\u00a0<b>w ci\u0105gu u\u0142amka sekundy potrzebnego na klikni\u0119cie \u201ezapisz\u201d czy \u201epublikuj\u201d autorzy komentarzy rezerwuj\u0105 sobie kolejne miejsce na billboardach rozwieszonych w mie\u015bcie<\/b>. Co wi\u0119cej, te rozwiesza si\u0119 na tablicach, kt\u00f3re znajduj\u0105 si\u0119 w najbli\u017cszym s\u0105siedztwie autor\u00f3w. Realizatorzy tej osobliwej kampanii maj\u0105 dost\u0119p do informacji zwi\u0105zanych z miejscem zamieszkania autor\u00f3w dzi\u0119ki geotagowaniu dost\u0119pnemu w mediach spo\u0142eczno\u015bciowych (Facebook czy Twitter).<\/p>\n<p>Zdj\u0119cie i nazwisko publikuj\u0105cego dany komentarz zosta\u0142y oczywi\u015bcie zapikselowane, ale \u2013 wed\u0142ug autor\u00f3w kampanii \u2013\u00a0<b>nie oznacza to, \u017ce ludzie, kt\u00f3rzy zwr\u00f3c\u0105 uwag\u0119 na plakaty nie rozpoznaj\u0105 autor\u00f3w rasistowskich wpis\u00f3w<\/b>. Jest to tym bardziej mo\u017cliwe, \u017ce \u2013 jak wspomnieli\u015bmy \u2013 \u201edzie\u0142o\u201d danej osoby wieszane jest w pobli\u017cu miejsca jej zamieszkania.<\/p>\n<p><b>Tre\u015bci, kt\u00f3re publikujemy w\u00a0<a id=\"a_akon_nsitsp_0\"><\/a><span id=\"akon_nsitsp_0\">internecie<\/span>\u00a0przynosz\u0105 konsekwencje na zewn\u0105trz<\/b>. I w\u0142a\u015bnie to mi\u0119dzy innymi obrazuje kampania \u201e<i>Wirtualny rasizm, prawdziwe konsekwencje<\/i>\u201d, kt\u00f3rej celem jest zwr\u00f3cenie uwagi na bezkarno\u015b\u0107 i szkodliwo\u015b\u0107 internetowego hejtu, w tym tak\u017ce rasizmu. Przedstawiciele Crioli licz\u0105 na to, \u017ce cho\u0107 cz\u0119\u015b\u0107 z autor\u00f3w obra\u017aliwych komentarzy publikowanych w sieci zwr\u00f3ci uwag\u0119 na ten problem i pomy\u015bli drugi raz, zanim postanowi klikn\u0105\u0107 \u201e<i>zapisz<\/i>\u201d.<\/p>\n<blockquote><p>&#8211; Ci ludzie my\u015bl\u0105, \u017ce mog\u0105 sobie wygodnie siedzie\u0107 w domu i robi\u0107 co chc\u0105 w internecie. Nie pozwolimy na to. Mog\u0105 si\u0119 przed nami ukrywa\u0107, ale ich znajdziemy &#8211; powiedzia\u0142a dziennikarzom Jurema Werneck cytowana przez Radio ZET.<\/p><\/blockquote>\n<p>&#8211; Pomijamy nazwiska i twarze autor\u00f3w, poniewa\u017c nie chcemy nikogo &#8222;wystawia\u0107&#8221;. Chcemy tylko uczy\u0107 ludzi, \u017ceby w przysz\u0142o\u015bci my\u015bleli o konsekwencjach, zanim opublikuj\u0105 co\u015b rasistowskiego &#8211; dodaj\u0105 organizatorzy kampanii.<\/p>\n<p>Inspiracj\u0105 by\u0142a seria incydent\u00f3w, z jakimi musia\u0142a si\u0119 zmierzy\u0107 czarnosk\u00f3ra, brazylijska prezenterka pogody &#8211; Maria Julia Coutinho. Kobieta sta\u0142a si\u0119 ofiar\u0105 internetowego ostracyzmu po tym, jak jej zdj\u0119cie zosta\u0142o umieszczone na stronie \u201eNational Journal\u201d. Organizacja prowadzi kampani\u0119 w Brazylii.<\/p>\n<p>Co wi\u0119cej,\u00a0<b>hejterzy czy\u00a0<a id=\"a_akon_nsitsp_3\"><\/a><span id=\"akon_nsitsp_3\">osoby<\/span>\u00a0publikuj\u0105ce niew\u0142a\u015bciwe tre\u015bci w internecie, musz\u0105 tak\u017ce liczy\u0107 si\u0119 z problemami przy znalezieniu pracy<\/b>. Proces rekrutacji to ju\u017c nie tylko weryfikacja CV i rozmowa kwalifikacyjna z kandydatem. Pracodawcy coraz cz\u0119\u015bciej sprawdzaj\u0105 te\u017c, jakie tre\u015bci aplikanci udost\u0119pniaj\u0105 na swoich profilach spo\u0142eczno\u015bciowych, jakim s\u0142ownictwem pos\u0142uguj\u0105 si\u0119 w komentarzach i czy wyra\u017cane przez nich pogl\u0105dy i ich forma nie \u0142ami\u0105 dobrych obyczaj\u00f3w i nie uderzaj\u0105 w warto\u015bci, kt\u00f3re firma propaguje.<\/p>\n<p><strong>Zobacz filmik:<\/strong><\/p>\n<p>https:\/\/www.youtube.com\/watch?v=VyvszLoPtJw<\/p>\n<p>Hejtu dotyczy\u0142o tak\u017ce pierwsze spotkanie w sprawie uchod\u017ac\u00f3w na linii Facebook \u2013 Niemcy.\u00a0<b>Przedstawiciele Facebooka wraz z cz\u0142onkami niemieckiego rz\u0105du zebrali si\u0119 celem opracowania nowej strategii walki z nienawi\u015bci\u0105 w\u00a0<a id=\"a_akon_nsitsp_1\"><\/a><span id=\"akon_nsitsp_1\">sieci<\/span><\/b>. Bezpo\u015brednim powodem spotkania by\u0142a rosn\u0105ca liczba sprzecznych z tamtejszym prawem wypowiedzi, jakie pojawiaj\u0105 si\u0119 na portalu spo\u0142eczno\u015bciowym i w ca\u0142ym internecie, w zwi\u0105zku z nap\u0142ywaj\u0105c\u0105 do Niemiec fal\u0105 uchod\u017ac\u00f3w. W Niemczech za publiczne nawo\u0142ywanie do nienawi\u015bci b\u0105d\u017a przemocy wobec grup etnicznych czy wyznaniowych grozi kara do trzech lat wi\u0119zienia. Tyczy si\u0119 to tak\u017ce uw\u0142aczania godno\u015bci. Natomiast podczas szczytu ONZ, kanclerz Niemiec Angela Merkel, domaga\u0142a si\u0119 wi\u0119kszej kontroli tre\u015bci na Facebooku. Rozmawia\u0142a o tym osobi\u015bcie z Markiem Zuckerbergiem, prezesem portalu.<\/p>\n<p>Najgorsze jest to, \u017ce\u00a0<b>z mow\u0105 nienawi\u015bci w sieci spotyka si\u0119 4 na 10 m\u0142odych (14-17 lat) ludzi, a cyberprzemocy &#8211; zmasowanych atak\u00f3w w internecie &#8211; do\u015bwiadczy\u0142 co pi\u0105ty<\/b>\u00a0&#8211; podaje Fundacja Dzieci Niczyje. Ale ka\u017cdy z nas mo\u017ce powiedzie\u0107: &#8222;Hejt stop&#8221; &#8211; pisze Gazeta Wyborcza.<\/p>\n<p>Podobne dane podaje NIK. A jak wskazuje Instytut Bada\u0144 Edukacyjnych, 16 proc. gimnazjalist\u00f3w przyznaje, \u017ce byli obra\u017cani za po\u015brednictwem\u00a0<a id=\"a_akon_nsitsp_2\"><\/a><span id=\"akon_nsitsp_2\">sieci<\/span>\u00a0lub kom\u00f3rki. Dlatego w\u0142a\u015bnie powstaje coraz wi\u0119cej akcji i program\u00f3w edukacyjnych przeciw nienawi\u015bci. Jedn\u0105 z nich jest kampania \u201eHejtStop\u201d, kt\u00f3ra zach\u0119ca do podzielenia si\u0119 swoimi do\u015bwiadczeniami kr\u00f3tkim filmem, zg\u0142aszania nienawistnych tre\u015bci i usuwania ich.<\/p>\n<p>Pami\u0119tajmy, \u017ce ka\u017cda aktywno\u015b\u0107 w internecie zostawia po sobie \u015blad. I to nie tylko ten cyfrowy, ale tak\u017ce realny, namacalny. Nieprzemy\u015blanych decyzji nie da si\u0119 cofn\u0105\u0107, czasem najzwyczajniej lepiej milcze\u0107, ni\u017c niszczy\u0107.<\/p>\n","protected":false},"excerpt":{"rendered":"Walcz\u0105ca o prawa cz\u0142owieka organizacja spo\u0142eczna Criola, postanowi\u0142a w do\u015b\u0107 niecodzienny spos\u00f3b odpowiedzie\u0107 na zjawisko internetowego &#8222;hejtu&#8221; i&hellip;","protected":false},"author":17,"featured_media":163749,"comment_status":"open","ping_status":"closed","sticky":false,"template":"","format":"standard","meta":{"csco_display_header_overlay":false,"csco_singular_sidebar":"","csco_page_header_type":"","csco_page_load_nextpost":"","csco_post_video_location":[],"csco_post_video_location_hash":"","csco_post_video_url":"","csco_post_video_bg_start_time":0,"csco_post_video_bg_end_time":0,"footnotes":""},"categories":[9648],"tags":[8902,8901],"class_list":{"0":"post-163748","1":"post","2":"type-post","3":"status-publish","4":"format-standard","5":"has-post-thumbnail","7":"category-pr","8":"tag-akcja-spoleczna","9":"tag-hejterzy","10":"cs-entry","11":"cs-video-wrap"},"_links":{"self":[{"href":"https:\/\/mediarun.com\/pl\/wp-json\/wp\/v2\/posts\/163748","targetHints":{"allow":["GET"]}}],"collection":[{"href":"https:\/\/mediarun.com\/pl\/wp-json\/wp\/v2\/posts"}],"about":[{"href":"https:\/\/mediarun.com\/pl\/wp-json\/wp\/v2\/types\/post"}],"author":[{"embeddable":true,"href":"https:\/\/mediarun.com\/pl\/wp-json\/wp\/v2\/users\/17"}],"replies":[{"embeddable":true,"href":"https:\/\/mediarun.com\/pl\/wp-json\/wp\/v2\/comments?post=163748"}],"version-history":[{"count":0,"href":"https:\/\/mediarun.com\/pl\/wp-json\/wp\/v2\/posts\/163748\/revisions"}],"wp:featuredmedia":[{"embeddable":true,"href":"https:\/\/mediarun.com\/pl\/wp-json\/wp\/v2\/media\/163749"}],"wp:attachment":[{"href":"https:\/\/mediarun.com\/pl\/wp-json\/wp\/v2\/media?parent=163748"}],"wp:term":[{"taxonomy":"category","embeddable":true,"href":"https:\/\/mediarun.com\/pl\/wp-json\/wp\/v2\/categories?post=163748"},{"taxonomy":"post_tag","embeddable":true,"href":"https:\/\/mediarun.com\/pl\/wp-json\/wp\/v2\/tags?post=163748"}],"curies":[{"name":"wp","href":"https:\/\/api.w.org\/{rel}","templated":true}]}}