{"id":162976,"date":"2015-12-03T22:25:15","date_gmt":"2015-12-03T21:25:15","guid":{"rendered":"https:\/\/mediarun.com\/pl\/?p=162976"},"modified":"2015-12-03T22:27:55","modified_gmt":"2015-12-03T21:27:55","slug":"nowa-dyrektor-amowej-w-havas","status":"publish","type":"post","link":"https:\/\/mediarun.com\/pl\/marketing\/nowa-dyrektor-amowej-w-havas.html","title":{"rendered":"Nowa dyrektor zarz\u0105dzaj\u0105ca w Havas"},"content":{"rendered":"<p><strong>Z dniem 1 stycznia 2016 roku Dorota Mazur do\u0142\u0105czy do zarz\u0105du Havas Worldwide Group Poland jako partner zarz\u0105dzaj\u0105cy i obejmie funkcje partnera zarz\u0105dzaj\u0105cego Havas Worldwide Group Poland i dyrektora zarz\u0105dzaj\u0105cego agencji Havas Worldwide Warsaw. Przez ostatnie lata zarz\u0105dza\u0142a agencj\u0105 reklamow\u0105 G7 nale\u017c\u0105c\u0105 do Leo Burnett Group.<\/strong><\/p>\n<p>Zmiany w Grupie s\u0105 spowodowane restrukturyzacj\u0105 firmy i ch\u0119ci\u0105 wzmocnienia kompetencji w obszarze reklamy \u2013 t\u0142umaczy Christian de La Villehuchet, Chief Executive Officer Europe. <a href=\"http:\/\/www.proto.pl\/whoiswho\/dorota-mazur\" target=\"_blank\" rel=\"noopener\">Dorota Mazur<\/a> b\u0119dzie wsp\u00f3\u0142pracowa\u0107 z Katarzyn\u0105 Kami\u0144sk\u0105 i Antoine Kolendowskim. Do jej zada\u0144 w zwi\u0105zku z tym nale\u017cy rozw\u00f3j us\u0142ug kreatywnych i strategicznych w\u00a0kana\u0142ach tradycyjnych i online.<\/p>\n<p>Katarzyna Kami\u0144ska skoncentruje si\u0119 z kolei na dalszym rozwoju obszar\u00f3w content marketingu, corporate i PR, a Antoine Kolendowski na praktykach retail, shopper i activation. Zarz\u0105d raportuje do Christiana de La Villehucheta.<\/p>\n<p><strong>\u00a0<\/strong><\/p>\n<blockquote><p><em>\u2212 W ostatnich latach Havas Worldwide Group Poland przesz\u0142a g\u0142\u0119bok\u0105 restrukturyzacj\u0119. Dzi\u015b potrzebujemy wzmocni\u0107 nasze kompetencje w obszarze reklamy, rozwija\u0107 organizacj\u0119 w modelu opartym na wsp\u00f3\u0142pracy i obs\u0142ugiwa\u0107 klient\u00f3w w najwa\u017cniejszych kana\u0142ach komunikacji oraz w r\u00f3\u017cnych dyscyplinach marketingowych. Dlatego powierzamy Dorocie prowadzenie agencji reklamowej i zmieniamy model zarz\u0105dzania na partnerski, w kt\u00f3rym Dorota Mazur, Katarzyna Kami\u0144ska i Antoine Kolendowski jako partnerzy b\u0119d\u0105 wsp\u00f3lnie odpowiada\u0107 za rozw\u00f3j Havas Worldwide Group na rynku polskim<\/em>\u00a0\u2013 powiedzia\u0142 Christian de La Villehuchet, Chief Executive Officer Europe.<\/p><\/blockquote>\n<p>Dorota Mazur jest do\u015bwiadczonym managerem w bran\u017cy reklamowej. W\u00a0swojej karierze wsp\u00f3\u0142pracowa\u0142a z wieloma klientami lokalnymi i\u00a0mi\u0119dzynarodowymi. Przez ostatnie lata zarz\u0105dza\u0142a agencj\u0105 reklamow\u0105 G7 nale\u017c\u0105c\u0105 do Leo Burnett Group. Wcze\u015bniej pracowa\u0142a w agencjach\u00a0 D\u2019Arcy \/ DMDB oraz DougFaberFamily. W Havas Worldwide Group b\u0119dzie odpowiedzialna za rozw\u00f3j us\u0142ug kreatywnych i strategicznych zar\u00f3wno w\u00a0kanale tradycyjnym, jak i online.<\/p>\n<p>W ramach nowego podzia\u0142u obowi\u0105zk\u00f3w w zarz\u0105dzie Havas Worldwide Group Poland Katarzyna Kami\u0144ska skoncentruje si\u0119 na dalszym rozwoju obszar\u00f3w content marketingu, corporate i PR, Antoine Kolendowski na praktykach retail, shopper i activation. Zarz\u0105d jest kolegialnie odpowiedzialny przed Christianem de La Villehuchet, CEO Europe.<\/p>\n<blockquote><p><em>\u2212 Havas Worldwide Group Poland reprezentuje prawdziwie zintegrowane podej\u015bcie do komunikacji. Nie dzieje si\u0119 to tylko w teorii, ale przede wszystkim w praktyce\u00a0<\/em>\u2013 powiedzia\u0142a Dorota Mazur, partner zarz\u0105dzaj\u0105cy Havas Worldwide Group Poland. \u2212\u00a0<em>Dzi\u015b zar\u00f3wno firma, jak i rynek s\u0105 w ciekawym momencie rozwoju, pe\u0142nym wyzwa\u0144, ale i konkretnych oczekiwa\u0144\u00a0<\/em>\u2013 doda\u0142a Mazur.<\/p>\n<p><em>\u2212 Cieszymy si\u0119 na przyj\u015bcie Doroty i wzmocnienie kompetencji Grupy w\u00a0zakresie komunikacji reklamowej \u2013\u00a0<\/em>powiedzia\u0142a Katarzyna Kami\u0144ska, partner zarz\u0105dzaj\u0105cy Havas Worldwide Group Poland<em>. \u2212\u00a0<\/em><em>Wsp\u00f3lnie b\u0119dziemy rozwija\u0107 ofert\u0119 opart\u0105 na synergii istniej\u0105cych kompetencji\u00a0<\/em>\u2013 komentuje Antoine Kolendowski, partner zarz\u0105dzaj\u0105cy Havas Worldwide Group Poland.<\/p><\/blockquote>\n<p>&nbsp;<\/p>\n","protected":false},"excerpt":{"rendered":"Dorota Mazur w zarz\u0105dzie Havas Worldwide Group Poland i na stanowisku dyrektora zarz\u0105dzaj\u0105cego agencji reklamowej Havas Worldwide Warsaw.","protected":false},"author":17,"featured_media":162784,"comment_status":"open","ping_status":"closed","sticky":false,"template":"","format":"standard","meta":{"csco_display_header_overlay":false,"csco_singular_sidebar":"","csco_page_header_type":"","csco_page_load_nextpost":"","csco_post_video_location":[],"csco_post_video_location_hash":"","csco_post_video_url":"","csco_post_video_bg_start_time":0,"csco_post_video_bg_end_time":0,"footnotes":""},"categories":[9639],"tags":[8616,74,8528,8615],"class_list":{"0":"post-162976","1":"post","2":"type-post","3":"status-publish","4":"format-standard","5":"has-post-thumbnail","7":"category-marketing","8":"tag-dorota-mazur","9":"tag-havas","10":"tag-havas-media-group","11":"tag-havas-worldwide-group-poland","12":"cs-entry","13":"cs-video-wrap"},"_links":{"self":[{"href":"https:\/\/mediarun.com\/pl\/wp-json\/wp\/v2\/posts\/162976","targetHints":{"allow":["GET"]}}],"collection":[{"href":"https:\/\/mediarun.com\/pl\/wp-json\/wp\/v2\/posts"}],"about":[{"href":"https:\/\/mediarun.com\/pl\/wp-json\/wp\/v2\/types\/post"}],"author":[{"embeddable":true,"href":"https:\/\/mediarun.com\/pl\/wp-json\/wp\/v2\/users\/17"}],"replies":[{"embeddable":true,"href":"https:\/\/mediarun.com\/pl\/wp-json\/wp\/v2\/comments?post=162976"}],"version-history":[{"count":0,"href":"https:\/\/mediarun.com\/pl\/wp-json\/wp\/v2\/posts\/162976\/revisions"}],"wp:featuredmedia":[{"embeddable":true,"href":"https:\/\/mediarun.com\/pl\/wp-json\/wp\/v2\/media\/162784"}],"wp:attachment":[{"href":"https:\/\/mediarun.com\/pl\/wp-json\/wp\/v2\/media?parent=162976"}],"wp:term":[{"taxonomy":"category","embeddable":true,"href":"https:\/\/mediarun.com\/pl\/wp-json\/wp\/v2\/categories?post=162976"},{"taxonomy":"post_tag","embeddable":true,"href":"https:\/\/mediarun.com\/pl\/wp-json\/wp\/v2\/tags?post=162976"}],"curies":[{"name":"wp","href":"https:\/\/api.w.org\/{rel}","templated":true}]}}