{"id":162732,"date":"2015-11-24T21:36:34","date_gmt":"2015-11-24T20:36:34","guid":{"rendered":"https:\/\/mediarun.com\/pl\/?p=162732"},"modified":"2015-11-25T17:42:43","modified_gmt":"2015-11-25T16:42:43","slug":"pokazmy-sile-polskiego-it","status":"publish","type":"post","link":"https:\/\/mediarun.com\/pl\/wydarzenia\/pokazmy-sile-polskiego-it.html","title":{"rendered":"Ekspansja E-commerce z Polski do Niemiec"},"content":{"rendered":"<p><strong>A\u017c 19 sp\u00f3\u0142ek z Polski znalaz\u0142o si\u0119 w rankingu najszybciej rozwijaj\u0105cych si\u0119 firm technologicznie innowacyjnych w Europie \u015arodkowej \u201cDeloitte CE Fast 50 2015\u201d. Kolejn\u0105 okazj\u0105 do integracji \u015brodowiska e-commerce i zaprezentowania potencja\u0142u polskich firm b\u0119d\u0105 Targi E-commerce Berlin Expo.<\/strong><\/p>\n<p>27 kwietnia 2016 roku na terenie Postbanhof w Berlinie odb\u0119dzie si\u0119 I edycja targ\u00f3w E-commerce Berlin Expo, podczas kt\u00f3rej b\u0119dzie mo\u017cna zapozna\u0107 si\u0119 z ofert\u0105 blisko 100 wystawc\u00f3w, g\u0142\u00f3wnie z Polski i Niemiec. Celem wydarzenia jest zapewnienie idealnych warunk\u00f3w do integracji mi\u0119dzynarodowego \u015brodowiska e-commerce, znalezienie odpowiednich partner\u00f3w handlowych oraz wymiany do\u015bwiadcze\u0144. Impreza ta skierowana jest do przedstawicieli sklep\u00f3w internetowych oraz firm zainteresowanych sprzeda\u017c\u0105 w Internecie, kt\u00f3re szukaj\u0105\u00a0rozwi\u0105za\u0144 wspomagaj\u0105cych sprzeda\u017c.<\/p>\n<blockquote><p>\u201cOrganizuj\u0105c Targi eHandlu w Polsce ogl\u0105dali\u015bmy z roku na rok co raz wi\u0119ksz\u0105 liczb\u0119\u00a0zagranicznych wystawc\u00f3w. Ci\u0119\u017cko nie zwr\u00f3ci\u0107 uwagi na fakt,\u00a0\u017ce granice\u00a0si\u0119\u00a0zacieraj\u0105 a dla firm \u015bwiadcz\u0105cych us\u0142ugi przez Internet takie granice s\u0105 tylko pozorne. Naturalnym dla nas krokiem sta\u0142a si\u0119 organizacja wydarzenia, kt\u00f3re b\u0119dzie stanowi\u0142o pomost \u0142\u0105cz\u0105cy polskich us\u0142ugodawc\u00f3w z zachodnim rynkiem sklep\u00f3w internetowych. Naszym zdaniem Berlin to idealne miejsce na pocz\u0105tek i \u015bwietna lokalizacja dla polskich firm na zdobycie zagranicznych klient\u00f3w\u201d &#8211; m\u00f3wi Marek Tomaszewski, organizator E-commerce Berlin Expo.<\/p><\/blockquote>\n<p>E-commerce Berlin Expo to nowy projekt b\u0119d\u0105cy rozwini\u0119ciem formu\u0142y Targ\u00f3w eHandlu, kt\u00f3ry ma na celu stanowi\u0107 przestrze\u0144 wsp\u00f3\u0142pracy handlowej dla dostawc\u00f3w produkt\u00f3w i us\u0142ug w obszarze e-commerce pragn\u0105cych wyj\u015b\u0107\u00a0ze swoj\u0105\u00a0ofert\u0105 za granic\u0119. Atrakcyjna cena i dobra jako\u015b\u0107 jest tym, co buduje przewag\u0119 konkurencyjn\u0105 polskich firm na rynkach zagranicznych.<\/p>\n<p>Organizowane od 2011 roku przez Fundacj\u0119 Polak 2.0 Targi eHandlu to najwi\u0119ksze spotkania bran\u017cy e-commerce w Polsce, podczas kt\u00f3rych wiosn\u0105 i jesieni\u0105 \u015brednio 3,5 tys. przedstawicieli e-sklep\u00f3w ma okazj\u0119 pozna\u0107 najnowsze oferty ponad 150 dostawc\u00f3w r\u00f3\u017cnorodnych produkt\u00f3w i us\u0142ug dla sklep\u00f3w internetowych. Najbli\u017csze edycje Targ\u00f3w odb\u0119d\u0105 si\u0119 6 kwietnia w Katowicach oraz\u2026 w Berlinie!<\/p>\n<p><strong>Dlaczego w\u0142a\u015bnie Berlin?<\/strong><\/p>\n<p>Wg danych Niemcy s\u0105 pi\u0105tym najwi\u0119kszym rynkiem e-commerce na \u015bwiecie (zaraz za Chinami, USA, Wielk\u0105 Brytani\u0105\u00a0i Japoni\u0105), obr\u00f3t rynku w 2015 roku szacowany jest na 80 mld euro, co stanowi 67% sprzeda\u017cy e-commerce w Europie Centralnej. Jako jeden z najwi\u0119kszych rynk\u00f3w e-commerce Niemcy s\u0105 bardzo atrakcyjnym rynkiem dla polskich agencji wdro\u017ceniowych i dostawc\u00f3w us\u0142ug.<\/p>\n<p><strong>Ekspansja polskich firm<\/strong><\/p>\n<p>Polskie firmy IT coraz odwa\u017cniej podejmuj\u0105 ekspansj\u0119 zagraniczn\u0105 z powodzeniem konkuruj\u0105c z lokalnymi i mi\u0119dzynarodowymi przedsi\u0119biorstwami. Tendencja ta idzie w parze z uznaniem, jakim ciesz\u0105 si\u0119 specjali\u015bci IT z Polski na arenie \u015bwiatowej.<\/p>\n<p>Hoss\u0119 w polskiej bran\u017cy IT potwierdza raport \u201eDeloitte Technology Fast 50 in Central Europe 2014\u201d. W rankingu wyra\u017anie zaznaczy\u0142y swoj\u0105 obecno\u015b\u0107 przedsi\u0119biorstwa z Polski \u2013 w gronie 50 najszybciej rozwijaj\u0105cych si\u0119 firm bran\u017cy technologicznej z Centralnej Europy a\u017c 1\/3 stanowi\u0105 sp\u00f3\u0142ki z Polski. Co wi\u0119cej, a\u017c 3 firmy z rankingu to wielokrotni wystawcy Targ\u00f3w eHandlu, s\u0105 to: GetResponse, i-systems oraz Traffic Tends.<\/p>\n<p><strong>O\u00a0E-commerce Berlin Expo 2016<\/strong><\/p>\n<p>E-commerce Berlin to wydarzenie obowi\u0105zkowe dla firm IT, kt\u00f3re s\u0105\u00a0gotowe na ekspansj\u0119 zagraniczn\u0105 oraz s\u0105 w stanie konkurowa\u0107 z lokalnymi i mi\u0119dzynarodowymi przedsi\u0119biorstwami.\u00a0Wst\u0119p na wydarzenie jest bezp\u0142atny po wcze\u015bniejszej rejestracji.<\/p>\n","protected":false},"excerpt":{"rendered":"E-commerce Berlin Expo 2016.","protected":false},"author":17,"featured_media":162733,"comment_status":"open","ping_status":"closed","sticky":false,"template":"","format":"standard","meta":{"csco_display_header_overlay":false,"csco_singular_sidebar":"","csco_page_header_type":"","csco_page_load_nextpost":"","csco_post_video_location":[],"csco_post_video_location_hash":"","csco_post_video_url":"","csco_post_video_bg_start_time":0,"csco_post_video_bg_end_time":0,"footnotes":""},"categories":[8111,46],"tags":[8505,3356,8507,8506],"class_list":{"0":"post-162732","1":"post","2":"type-post","3":"status-publish","4":"format-standard","5":"has-post-thumbnail","7":"category-it","8":"category-wydarzenia","9":"tag-e-commerce-berlin-expo-2016","10":"tag-it","11":"tag-marek-tomaszewski","12":"tag-polskie-it","13":"cs-entry","14":"cs-video-wrap"},"_links":{"self":[{"href":"https:\/\/mediarun.com\/pl\/wp-json\/wp\/v2\/posts\/162732","targetHints":{"allow":["GET"]}}],"collection":[{"href":"https:\/\/mediarun.com\/pl\/wp-json\/wp\/v2\/posts"}],"about":[{"href":"https:\/\/mediarun.com\/pl\/wp-json\/wp\/v2\/types\/post"}],"author":[{"embeddable":true,"href":"https:\/\/mediarun.com\/pl\/wp-json\/wp\/v2\/users\/17"}],"replies":[{"embeddable":true,"href":"https:\/\/mediarun.com\/pl\/wp-json\/wp\/v2\/comments?post=162732"}],"version-history":[{"count":0,"href":"https:\/\/mediarun.com\/pl\/wp-json\/wp\/v2\/posts\/162732\/revisions"}],"wp:featuredmedia":[{"embeddable":true,"href":"https:\/\/mediarun.com\/pl\/wp-json\/wp\/v2\/media\/162733"}],"wp:attachment":[{"href":"https:\/\/mediarun.com\/pl\/wp-json\/wp\/v2\/media?parent=162732"}],"wp:term":[{"taxonomy":"category","embeddable":true,"href":"https:\/\/mediarun.com\/pl\/wp-json\/wp\/v2\/categories?post=162732"},{"taxonomy":"post_tag","embeddable":true,"href":"https:\/\/mediarun.com\/pl\/wp-json\/wp\/v2\/tags?post=162732"}],"curies":[{"name":"wp","href":"https:\/\/api.w.org\/{rel}","templated":true}]}}