{"id":16263,"date":"2011-05-17T13:33:59","date_gmt":"2011-05-17T11:33:59","guid":{"rendered":"https:\/\/mediarun.com\/index.php\/artur-domoslawski-reporterem-w-polityce\/"},"modified":"2011-05-17T13:33:59","modified_gmt":"2011-05-17T11:33:59","slug":"artur-domoslawski-reporterem-w-polityce","status":"publish","type":"post","link":"https:\/\/mediarun.com\/pl\/marketing\/artur-domoslawski-reporterem-w-polityce.html","title":{"rendered":"Artur Domos\u0142awski reporterem w Polityce"},"content":{"rendered":"<p>Reporta\u017cysta, publicysta, przez ostatnich 20 lat dziennikarz Gazety Wyborczej, autor kilku ksi\u0105\u017cek reporterskich, w tym &#8222;Kapu\u015bci\u0144ski non-fiction&#8221;, kt&oacute;ra wzbudzi\u0142a burzliw\u0105 debat\u0119, b\u0119dzie reporterem zagranicznym &#8211; specjalnym wys\u0142annikiem Polityki. Dla tygodnika b\u0119dzie pisa\u0142 teksty i reporta\u017ce z zapalnych i targanych konfliktami rejon&oacute;w \u015bwiata.<\/p>\n<p>&#8211; W Polityce zawsze mnie poci\u0105ga\u0142a umiej\u0119tno\u015b\u0107 stawiania pyta\u0144 i sztuka rzetelnego rozmawiania z Czytelnikami. Te zalety tygodnika wraz z nowymi wyzwaniami i mo\u017cliwo\u015bciami, jakie roztoczy\u0142 przede mn\u0105 naczelny Jerzy Baczy\u0144ski sprawi\u0142y, \u017ce propozycja do\u0142\u0105czenia do zespo\u0142u Polityki by\u0142a &#8222;propozycj\u0105 nie do odrzucenia&#8221;. Mam nadziej\u0119, \u017ce sprostam oczekiwaniom Czytelnik&oacute;w &#8211; m&oacute;wi Artur Domos\u0142awski.<\/p>\n<p>Domos\u0142awski zosta\u0142 laureatem nagrody Dziennikarza Roku 2010 miesi\u0119cznika Press za ksi\u0105\u017ck\u0119 o Ryszardzie Kapu\u015bci\u0144skim, &#8222;Kapu\u015bci\u0144ski non-fiction&#8221;. Jest to ju\u017c trzeci, obok Janiny Paradowskiej i Jacka \u017bakowskiego, Dziennikarz Roku, kt&oacute;ry pracuje w zespole redakcyjnym Polityki.<\/p>\n","protected":false},"excerpt":{"rendered":"Od 1 czerwca 2011 r. Artur Domos\u0142awski b\u0119dzie pracowa\u0142 w redakcji tygodnika Polityka.","protected":false},"author":1,"featured_media":16264,"comment_status":"open","ping_status":"closed","sticky":false,"template":"","format":"standard","meta":{"csco_display_header_overlay":false,"csco_singular_sidebar":"","csco_page_header_type":"","csco_page_load_nextpost":"","csco_post_video_location":[],"csco_post_video_location_hash":"","csco_post_video_url":"","csco_post_video_bg_start_time":0,"csco_post_video_bg_end_time":0,"footnotes":""},"categories":[],"tags":[767],"class_list":{"0":"post-16263","1":"post","2":"type-post","3":"status-publish","4":"format-standard","5":"has-post-thumbnail","7":"tag-polityka","8":"cs-entry","9":"cs-video-wrap"},"_links":{"self":[{"href":"https:\/\/mediarun.com\/pl\/wp-json\/wp\/v2\/posts\/16263","targetHints":{"allow":["GET"]}}],"collection":[{"href":"https:\/\/mediarun.com\/pl\/wp-json\/wp\/v2\/posts"}],"about":[{"href":"https:\/\/mediarun.com\/pl\/wp-json\/wp\/v2\/types\/post"}],"author":[{"embeddable":true,"href":"https:\/\/mediarun.com\/pl\/wp-json\/wp\/v2\/users\/1"}],"replies":[{"embeddable":true,"href":"https:\/\/mediarun.com\/pl\/wp-json\/wp\/v2\/comments?post=16263"}],"version-history":[{"count":0,"href":"https:\/\/mediarun.com\/pl\/wp-json\/wp\/v2\/posts\/16263\/revisions"}],"wp:featuredmedia":[{"embeddable":true,"href":"https:\/\/mediarun.com\/pl\/wp-json\/wp\/v2\/media\/16264"}],"wp:attachment":[{"href":"https:\/\/mediarun.com\/pl\/wp-json\/wp\/v2\/media?parent=16263"}],"wp:term":[{"taxonomy":"category","embeddable":true,"href":"https:\/\/mediarun.com\/pl\/wp-json\/wp\/v2\/categories?post=16263"},{"taxonomy":"post_tag","embeddable":true,"href":"https:\/\/mediarun.com\/pl\/wp-json\/wp\/v2\/tags?post=16263"}],"curies":[{"name":"wp","href":"https:\/\/api.w.org\/{rel}","templated":true}]}}