{"id":162067,"date":"2015-11-16T14:41:41","date_gmt":"2015-11-16T13:41:41","guid":{"rendered":"https:\/\/mediarun.com\/pl\/?p=162067"},"modified":"2015-11-16T15:44:54","modified_gmt":"2015-11-16T14:44:54","slug":"havas-worldwide-realizuje-kampanie-orange-dla-firm","status":"publish","type":"post","link":"https:\/\/mediarun.com\/pl\/marketing\/atl\/havas-worldwide-realizuje-kampanie-orange-dla-firm.html","title":{"rendered":"Havas z now\u0105 platform\u0105 komunikacyjn\u0105 Orange"},"content":{"rendered":"<p><strong>Rozpocz\u0119\u0142a si\u0119 najnowsza kampania Orange dla Firm zrealizowana przez Havas Worldwide Warsaw. Jest to pierwszy spot\u00a0<\/strong><strong>B2B emitowany w ramach nowej platformy komunikacyjnej Orange.<\/strong><\/p>\n<p>Do udzia\u0142u w reklamach zostali zaproszeni aktorzy znani z r\u00f3l teatralnych i filmowych. Bohaterem \u015bwi\u0105tecznego spotu Orange dla Firm jest w\u0142a\u015bciciel kameralnego bistro grany przez Marcina Steca, kt\u00f3rego zobaczymy r\u00f3wnie\u017c w kolejnych kampaniach operatora.<\/p>\n<p>Promowana w okresie przed\u015bwi\u0105tecznym oferta pozwala przedsi\u0119biorcom zredukowa\u0107 koszty prowadzenia dzia\u0142alno\u015bci poprzez ci\u0119cie op\u0142at abonamentowych o po\u0142ow\u0119 \u2013 przed\u0142u\u017caj\u0105c umow\u0119 w\u00a0planie bez limitu, dwa identyczne plany otrzymuje si\u0119 w cenie jednego \u2013 za 15 z\u0142otych + VAT ka\u017cdy. Dodatkowo przedsi\u0119biorca otrzymuje mobilny intrenet LTE za z\u0142ot\u00f3wk\u0119 i mo\u017ce wybra\u0107 jeden z\u00a0nowoczesnych smartfon\u00f3w w atrakcyjnej cenie.<\/p>\n<p>Kampania ma zasi\u0119g og\u00f3lnopolski i obejmuje og\u00f3lnopolskie stacje telewizyjne, pras\u0119, radio oraz\u00a0 internet. Wspieraj\u0105 j\u0105 r\u00f3wnie\u017c dedykowane materia\u0142y POS. Za zakup medi\u00f3w odpowiada dom mediowy Initiative.<\/p>\n<p>&nbsp;<\/p>\n<p><iframe title=\"Orange B2B - Bistro\" width=\"1200\" height=\"675\" src=\"https:\/\/www.youtube.com\/embed\/NosSUPHzAxI?feature=oembed\" frameborder=\"0\" allow=\"accelerometer; autoplay; clipboard-write; encrypted-media; gyroscope; picture-in-picture; web-share\" referrerpolicy=\"strict-origin-when-cross-origin\" allowfullscreen><\/iframe><\/p>\n","protected":false},"excerpt":{"rendered":"Pierwszy spot B2B emitowany w ramach nowej platformy komunikacyjnej Orange.","protected":false},"author":17,"featured_media":162068,"comment_status":"open","ping_status":"closed","sticky":false,"template":"","format":"standard","meta":{"csco_display_header_overlay":false,"csco_singular_sidebar":"","csco_page_header_type":"","csco_page_load_nextpost":"","csco_post_video_location":[],"csco_post_video_location_hash":"","csco_post_video_url":"","csco_post_video_bg_start_time":0,"csco_post_video_bg_end_time":0,"footnotes":""},"categories":[9642],"tags":[74,8398,8399,8397],"class_list":{"0":"post-162067","1":"post","2":"type-post","3":"status-publish","4":"format-standard","5":"has-post-thumbnail","7":"category-atl","8":"tag-havas","9":"tag-nowa-kampania-orange","10":"tag-nowa-reklama-orange","11":"tag-orange-dla-firm","12":"cs-entry","13":"cs-video-wrap"},"_links":{"self":[{"href":"https:\/\/mediarun.com\/pl\/wp-json\/wp\/v2\/posts\/162067","targetHints":{"allow":["GET"]}}],"collection":[{"href":"https:\/\/mediarun.com\/pl\/wp-json\/wp\/v2\/posts"}],"about":[{"href":"https:\/\/mediarun.com\/pl\/wp-json\/wp\/v2\/types\/post"}],"author":[{"embeddable":true,"href":"https:\/\/mediarun.com\/pl\/wp-json\/wp\/v2\/users\/17"}],"replies":[{"embeddable":true,"href":"https:\/\/mediarun.com\/pl\/wp-json\/wp\/v2\/comments?post=162067"}],"version-history":[{"count":0,"href":"https:\/\/mediarun.com\/pl\/wp-json\/wp\/v2\/posts\/162067\/revisions"}],"wp:featuredmedia":[{"embeddable":true,"href":"https:\/\/mediarun.com\/pl\/wp-json\/wp\/v2\/media\/162068"}],"wp:attachment":[{"href":"https:\/\/mediarun.com\/pl\/wp-json\/wp\/v2\/media?parent=162067"}],"wp:term":[{"taxonomy":"category","embeddable":true,"href":"https:\/\/mediarun.com\/pl\/wp-json\/wp\/v2\/categories?post=162067"},{"taxonomy":"post_tag","embeddable":true,"href":"https:\/\/mediarun.com\/pl\/wp-json\/wp\/v2\/tags?post=162067"}],"curies":[{"name":"wp","href":"https:\/\/api.w.org\/{rel}","templated":true}]}}