{"id":161840,"date":"2015-11-10T10:59:11","date_gmt":"2015-11-10T09:59:11","guid":{"rendered":"https:\/\/mediarun.com\/pl\/?p=161840"},"modified":"2015-11-10T10:59:11","modified_gmt":"2015-11-10T09:59:11","slug":"newsweek-polska-w-nowej-odslonie","status":"publish","type":"post","link":"https:\/\/mediarun.com\/pl\/media\/newsweek-polska-w-nowej-odslonie.html","title":{"rendered":"\u201eNewsweek Polska\u201d w nowej ods\u0142onie"},"content":{"rendered":"<p class=\"western\" lang=\"pl-PL\" align=\"justify\"><span style=\"font-family: 'Helvetica Neue', serif;\"><b>Nowa szata graficzna, zmiany w uk\u0142adzie tre\u015bci, nowy dzia\u0142, poszerzona tematyka kilku innych \u2013 to niekt\u00f3re ze zmian wprowadzonych w tygodniku \u201eNewsweek Polska\u201d, kt\u00f3rego najnowszy numer (46\/2015) trafi\u0142 w\u0142a\u015bnie na\u00a0rynek.\u00a0<\/b><\/span><\/p>\n<p class=\"western\" lang=\"pl-PL\" align=\"justify\"><span style=\"font-family: 'Helvetica Neue', serif;\"><b>Nowoczesny i bardziej dynamiczny wygl\u0105d<\/b><\/span><\/p>\n<p class=\"western\" lang=\"pl-PL\" align=\"justify\"><span style=\"font-family: 'Helvetica Neue', serif;\">Du\u017ce zdj\u0119cia otwieraj\u0105ce dzia\u0142y nadaj\u0105 tygodnikowi magazynowy charakter. Kolejne zr\u00f3\u017cnicowane otwarcia tekst\u00f3w maj\u0105 u\u0142atwi\u0107 Czytelnikowi poruszanie si\u0119 po tre\u015bciach gazety.<\/span><\/p>\n<p class=\"western\" lang=\"pl-PL\" align=\"justify\"><a href=\"https:\/\/mediarun.com\/wp-content\/uploads\/2015\/11\/Newsweek-Polska-nr-46_.jpg\"><img fetchpriority=\"high\" decoding=\"async\" class=\"alignnone size-full wp-image-161843\" src=\"https:\/\/mediarun.com\/wp-content\/uploads\/2015\/11\/Newsweek-Polska-nr-46_.jpg\" alt=\"I_OKL_NW_46.indd\" width=\"1000\" height=\"1307\" title=\"\" srcset=\"https:\/\/mediarun.com\/pl\/wp-content\/uploads\/2015\/11\/Newsweek-Polska-nr-46_.jpg 1000w, https:\/\/mediarun.com\/pl\/wp-content\/uploads\/2015\/11\/Newsweek-Polska-nr-46_-536x700.jpg 536w\" sizes=\"(max-width: 1000px) 100vw, 1000px\" \/><\/a><\/p>\n<blockquote>\n<p class=\"western\" lang=\"pl-PL\" align=\"justify\"><span style=\"font-family: 'Helvetica Neue', serif;\"><i>Du\u017co pracy po\u015bwi\u0119cili\u015bmy dzia\u0142owi Kultura, kt\u00f3ry zaczyna si\u0119 w\u0142asn\u0105, wewn\u0119trzn\u0105 ok\u0142adk\u0105. Struktura tego dzia\u0142u, informacje o nowo\u015bciach, p\u0142ytach, ksi\u0105\u017ckach i teatrze, s\u0105 teraz bardziej czytelne<\/i><\/span><span style=\"font-family: 'Helvetica Neue', serif;\"> \u2013 m\u00f3wi dyrektor artystyczna \u201eNewsweeka Polska\u201d Magdalena Mamajek-Mich, kt\u00f3ra jest autork\u0105 nowej makiety.<\/span><\/p>\n<p class=\"western\" lang=\"pl-PL\" align=\"justify\"><a href=\"https:\/\/mediarun.com\/wp-content\/uploads\/2015\/11\/Newsweek-Polska_Dzia\u0142-Kultura.jpg\"><img decoding=\"async\" class=\"alignnone wp-image-161841 size-large\" src=\"https:\/\/mediarun.com\/wp-content\/uploads\/2015\/11\/Newsweek-Polska_Dzia\u0142-Kultura-1024x669.jpg\" alt=\"Newsweek Polska_Dzia\u0142 Kultura\" width=\"1024\" height=\"669\" data-isi_set=\"0\" title=\"\"><\/a><\/p>\n<p class=\"western\" lang=\"pl-PL\" align=\"justify\">\n<p class=\"western\" lang=\"pl-PL\" align=\"justify\"><span style=\"font-family: 'Helvetica Neue', serif;\"><i>Zmiany s\u0105 du\u017ce, nowa typografia, rytm tygodnika, zmienia si\u0119 ca\u0142y pocz\u0105tek, czyli dzia\u0142 Peryskop, ale gazet\u0119 lepiej ogl\u0105da\u0107, ni\u017c o niej m\u00f3wi\u0107<\/i><\/span><span style=\"font-family: 'Helvetica Neue', serif;\"> \u2013 dodaje dyr. artystyczna.<\/span><\/p>\n<p class=\"western\" lang=\"pl-PL\" align=\"justify\">\n<\/blockquote>\n<p class=\"western\" lang=\"pl-PL\" align=\"justify\"><span style=\"font-family: 'Helvetica Neue', serif;\">Zmieniony zosta\u0142 r\u00f3wnie\u017c dzia\u0142 Nauka, kt\u00f3ry zyska\u0142 now\u0105 rubryk\u0119 Nauka z bliska. W tygodniku pojawi\u0142 si\u0119 nowy dzia\u0142 Gad\u017cety, prezentuj\u0105cy nowinki technologiczne.\u00a0<\/span><span style=\"font-family: 'Helvetica Neue', serif;\">\u2028\u2028<\/span><\/p>\n<p class=\"western\" lang=\"pl-PL\" align=\"justify\"><a href=\"https:\/\/mediarun.com\/wp-content\/uploads\/2015\/11\/Newsweek-Polska_Dzia\u0142-Gad\u017cety.jpg\"><img decoding=\"async\" class=\"alignnone wp-image-161842 size-large\" src=\"https:\/\/mediarun.com\/wp-content\/uploads\/2015\/11\/Newsweek-Polska_Dzia\u0142-Gad\u017cety-783x1024.jpg\" alt=\"Newsweek Polska_Dzia\u0142 Gad\u017cety\" width=\"783\" height=\"1024\" data-isi_set=\"0\" title=\"\"><\/a><\/p>\n<p class=\"western\" lang=\"pl-PL\" align=\"justify\"><span style=\"font-family: 'Helvetica Neue', serif;\"><b>Po co zmiany?<\/b><\/span><span style=\"font-family: 'Helvetica Neue', serif;\">\u2028\u2028<\/span><\/p>\n<blockquote>\n<p class=\"western\" lang=\"pl-PL\" align=\"justify\">\u201e<span style=\"font-family: 'Helvetica Neue', serif;\"><i>Newsweek\u201d w poprzednim kszta\u0142cie \u015bwietnie si\u0119 sprzedaje, co pokazuje, \u017ce Czytelnicy przyzwyczaili si\u0119 do niego, mimo to o\u015bmielili\u015bmy si\u0119 na du\u017ce zmiany<\/i><\/span><span style=\"font-family: 'Helvetica Neue', serif;\"> \u2013 m\u00f3wi Dariusz Zieli\u0144ski, dyrektor zarz\u0105dzaj\u0105cy mark\u0105 Newsweek. <\/span><span style=\"font-family: 'Helvetica Neue', serif;\"><i>Ta \u015bmia\u0142o\u015b\u0107\u00a0 jest mo\u017cliwa dzi\u0119ki nowej dyrektor artystycznej, Magdalenie Mamajek-Mich. Kiedy uda\u0142o si\u0119 nam j\u0105 pozyska\u0107 z \u201eGazety Wyborczej\u201d do \u201eNewsweeka\u201d okaza\u0142o si\u0119, \u017ce tygodnik mo\u017ce si\u0119 zmienia\u0107 na lepsze. Magda wcze\u015bniej zaprojektowa\u0142a te\u017c nowe makiety dla naszych specjalnych wyda\u0144, \u201eNewsweeka Psychologii\u201d, \u201eNewsweeka Nauki\u201d i specjalnego wydania z wywiadami \u201eNewsweeka\u201d: \u201eTacy Jeste\u015bmy&#8221;. Ich\u00a0bardzo dobra sprzeda\u017c pokaza\u0142a, \u017ce Czytelnicy doceniaj\u0105 ten kierunek zmian<\/i><\/span><span style=\"font-family: 'Helvetica Neue', serif;\"> \u2013 dodaje Dariusz Zieli\u0144ski.<\/span><\/p>\n<\/blockquote>\n<p class=\"western\" lang=\"pl-PL\" align=\"justify\">\n<p class=\"western\" lang=\"pl-PL\" align=\"justify\">\n<blockquote>\n<p class=\"western\" lang=\"pl-PL\" align=\"justify\"><span style=\"font-family: 'Helvetica Neue', serif;\"><i>Ciesz\u0119 si\u0119, \u017ce prasa polska si\u0119 zmienia i gonimy \u015bwiatowe media. Doceniam to, \u017ce mog\u0119 bra\u0107 w tym udzia\u0142<\/i><\/span><span style=\"font-family: 'Helvetica Neue', serif;\"> \u2013 m\u00f3wi Magdalena Mamajek-Mich.<\/span><\/p>\n<p class=\"western\" lang=\"pl-PL\" align=\"justify\"><span style=\"font-family: 'Helvetica Neue', serif;\"><i>Magda nie tylko poprawi\u0142a ok\u0142adki tygodnika. \u015aci\u0105gn\u0119\u0142a do wsp\u00f3\u0142pracy z\u00a0\u201eNewsweekiem\u201d \u015bwietnych grafik\u00f3w i fotograf\u00f3w<\/i><\/span><span style=\"font-family: 'Helvetica Neue', serif;\"> \u2013 m\u00f3wi Aleksandra Karasi\u0144ska, zast\u0119pca redaktora naczelnego. <\/span><span style=\"font-family: 'Helvetica Neue', serif;\"><i>To cho\u0107by s\u0142ynni The Krasnals, anonimowi arty\u015bci sztuki wsp\u00f3\u0142czesnej, kt\u00f3rzy w prowokacyjny spos\u00f3b komentuj\u0105 polityk\u0119. Ich prace cz\u0119sto publikujemy w \u201eNewsweeku\u201d.\u00a0Dzi\u0119ki Magdzie pojawi\u0142y si\u0119 te\u017c dowcipne i inteligentne ilustracje Piotra Sochy, ale te\u017c takich ilustrator\u00f3w jak Micha\u0142 Dziekan, Piotr Chatkowski czy Patryk Mogilnicki. To dla nas zaszczyt i rado\u015b\u0107, \u017ce tacy arty\u015bci publikuj\u0105 swoje prace w tygodniku<\/i><\/span><span style=\"font-family: 'Helvetica Neue', serif;\"> \u2013 m\u00f3wi Karasi\u0144ska.<\/span><\/p>\n<p class=\"western\" lang=\"pl-PL\" align=\"justify\"><span style=\"font-family: 'Helvetica Neue', serif;\"><i>Bardzo ceni\u0119 prac\u0119 Magdy, dzi\u0119ki niej \u201eNewsweek\u201d \u015bwietnie wygl\u0105da. Mam nadziej\u0119,\u00a0\u017ce Czytelnicy r\u00f3wnie\u017c doceni\u0105 jej prac\u0119<\/i><\/span><span style=\"font-family: 'Helvetica Neue', serif;\"> \u2013 m\u00f3wi redaktor naczelny \u201eNewsweeka\u201d\u00a0Tomasz Lis. <\/span><\/p>\n<\/blockquote>\n","protected":false},"excerpt":{"rendered":"Nowa szata graficzna, zmiany w uk\u0142adzie tre\u015bci, nowy dzia\u0142, poszerzona tematyka kilku innych \u2013 to niekt\u00f3re ze zmian&hellip;","protected":false},"author":17,"featured_media":161843,"comment_status":"open","ping_status":"closed","sticky":false,"template":"","format":"standard","meta":{"csco_display_header_overlay":false,"csco_singular_sidebar":"","csco_page_header_type":"","csco_page_load_nextpost":"","csco_post_video_location":[],"csco_post_video_location_hash":"","csco_post_video_url":"","csco_post_video_bg_start_time":0,"csco_post_video_bg_end_time":0,"footnotes":""},"categories":[9668,9673],"tags":[8328,177,6729,8329,1193],"class_list":{"0":"post-161840","1":"post","2":"type-post","3":"status-publish","4":"format-standard","5":"has-post-thumbnail","7":"category-media","8":"category-prasa","9":"tag-magdalena-mamajek-mich","10":"tag-newsweek","11":"tag-newsweek-polska","12":"tag-nowa-szata-graficzna-newsweek","13":"tag-tomasz-lis","14":"cs-entry","15":"cs-video-wrap"},"_links":{"self":[{"href":"https:\/\/mediarun.com\/pl\/wp-json\/wp\/v2\/posts\/161840","targetHints":{"allow":["GET"]}}],"collection":[{"href":"https:\/\/mediarun.com\/pl\/wp-json\/wp\/v2\/posts"}],"about":[{"href":"https:\/\/mediarun.com\/pl\/wp-json\/wp\/v2\/types\/post"}],"author":[{"embeddable":true,"href":"https:\/\/mediarun.com\/pl\/wp-json\/wp\/v2\/users\/17"}],"replies":[{"embeddable":true,"href":"https:\/\/mediarun.com\/pl\/wp-json\/wp\/v2\/comments?post=161840"}],"version-history":[{"count":0,"href":"https:\/\/mediarun.com\/pl\/wp-json\/wp\/v2\/posts\/161840\/revisions"}],"wp:featuredmedia":[{"embeddable":true,"href":"https:\/\/mediarun.com\/pl\/wp-json\/wp\/v2\/media\/161843"}],"wp:attachment":[{"href":"https:\/\/mediarun.com\/pl\/wp-json\/wp\/v2\/media?parent=161840"}],"wp:term":[{"taxonomy":"category","embeddable":true,"href":"https:\/\/mediarun.com\/pl\/wp-json\/wp\/v2\/categories?post=161840"},{"taxonomy":"post_tag","embeddable":true,"href":"https:\/\/mediarun.com\/pl\/wp-json\/wp\/v2\/tags?post=161840"}],"curies":[{"name":"wp","href":"https:\/\/api.w.org\/{rel}","templated":true}]}}