{"id":161701,"date":"2015-11-06T13:02:09","date_gmt":"2015-11-06T12:02:09","guid":{"rendered":"https:\/\/mediarun.com\/pl\/?p=161701"},"modified":"2015-11-06T13:02:09","modified_gmt":"2015-11-06T12:02:09","slug":"tvn-zwalnia-dyrektora-finansowego","status":"publish","type":"post","link":"https:\/\/mediarun.com\/pl\/media\/tv\/tvn-zwalnia-dyrektora-finansowego.html","title":{"rendered":"TVN zwalnia dyrektora finansowego"},"content":{"rendered":"<p><strong>Zmiany w Zarz\u0105dzie TVN: John Driscoll i TVN Zdecydowali o Zako\u0144czeniu Wsp\u00f3\u0142pracy, Piotr Korycki Powo\u0142any na Wiceprezesa Zarz\u0105du.<\/strong><\/p>\n<p>TVN og\u0142asza, \u017ce w efekcie wsp\u00f3lnej decyzji o zako\u0144czeniu wsp\u00f3\u0142pracy, John Driscoll nie b\u0119dzie ju\u017c pe\u0142ni\u0142 funkcji Wiceprezesa Zarz\u0105du i Dyrektora Finansowego TVN, natomiast przez okre\u015blony czas pozostanie on jeszcze w sp\u00f3\u0142ce w roli doradczej.<\/p>\n<p>Markus Tellenbach, Prezes Zarz\u0105du i Dyrektor Generalny TVN, powiedzia\u0142:<\/p>\n<blockquote><p>\u201cJohn od 2010 roku odgrywa\u0142 kluczow\u0105 rol\u0119 w operacyjnym i finansowym zarz\u0105dzaniu firm\u0105, czego kulminacj\u0105 by\u0142o przej\u0119cie sp\u00f3\u0142ki przez Scripps Networks Interactive i transformacja TVN ze sp\u00f3\u0142ki publicznej w prywatn\u0105. W imieniu TVN chc\u0119 podzi\u0119kowa\u0107 Johnowi za jego lojalno\u015b\u0107 oraz wybitny wk\u0142ad w osi\u0105gni\u0119cia firmy.\u201d<\/p><\/blockquote>\n<p>John Driscoll skomentowa\u0142:<\/p>\n<blockquote><p>\u201cJestem wdzi\u0119czny za mo\u017cliwo\u015b\u0107 pracy z Markusem Tellenbachem i Zarz\u0105dem TVN przez ostatnie pi\u0119\u0107 lat, oraz za udzia\u0142 w zarz\u0105dzaniu i rozwoju grupy w tym okresie. Zmiana w\u0142a\u015bciciela i wyj\u015bcie TVN z gie\u0142dy to dobry moment na podj\u0119cie decyzji o rozpatrzeniu innych potencjalnych mo\u017cliwo\u015bci na rynku. \u017bycz\u0119 Zarz\u0105dowi oraz pracownikom TVN szcz\u0119\u015bcia i powodzenia w przysz\u0142ych przedsi\u0119wzi\u0119ciach.\u201d<\/p><\/blockquote>\n<p>Piotr Korycki, Cz\u0142onek Zarz\u0105du ds. Kontrolingu Biznesowego, zosta\u0142 powo\u0142any na stanowisko Wiceprezesa Zarz\u0105du TVN oraz przejmie odpowiedzialno\u015b\u0107 za wi\u0119kszo\u015b\u0107 funkcji korporacyjnych dotychczas podlegaj\u0105cych Panu Driscollowi. Piotr Korycki zwi\u0105zany jest z Grup\u0105 TVN od 2003 roku, w kt\u00f3rym obj\u0105\u0142 stanowisko Zast\u0119pcy Dyrektora Finansowego. Piotr Korycki dotychczas by\u0142 odpowiedzialny min. za kontroling biznesowy oraz zakupy programowe, a wcze\u015bniej pracowa\u0142 w PricewaterhouseCoopers.<\/p>\n","protected":false},"excerpt":{"rendered":"Zmiany w Zarz\u0105dzie TVN: John Driscoll i TVN Zdecydowali o Zako\u0144czeniu Wsp\u00f3\u0142pracy, Piotr Korycki Powo\u0142any na Wiceprezesa Zarz\u0105du.&hellip;","protected":false},"author":17,"featured_media":161702,"comment_status":"open","ping_status":"closed","sticky":false,"template":"","format":"standard","meta":{"csco_display_header_overlay":false,"csco_singular_sidebar":"","csco_page_header_type":"","csco_page_load_nextpost":"","csco_post_video_location":[],"csco_post_video_location_hash":"","csco_post_video_url":"","csco_post_video_bg_start_time":0,"csco_post_video_bg_end_time":0,"footnotes":""},"categories":[9670],"tags":[3604,98],"class_list":{"0":"post-161701","1":"post","2":"type-post","3":"status-publish","4":"format-standard","5":"has-post-thumbnail","7":"category-tv","8":"tag-dyrektor","9":"tag-tvn","10":"cs-entry","11":"cs-video-wrap"},"_links":{"self":[{"href":"https:\/\/mediarun.com\/pl\/wp-json\/wp\/v2\/posts\/161701","targetHints":{"allow":["GET"]}}],"collection":[{"href":"https:\/\/mediarun.com\/pl\/wp-json\/wp\/v2\/posts"}],"about":[{"href":"https:\/\/mediarun.com\/pl\/wp-json\/wp\/v2\/types\/post"}],"author":[{"embeddable":true,"href":"https:\/\/mediarun.com\/pl\/wp-json\/wp\/v2\/users\/17"}],"replies":[{"embeddable":true,"href":"https:\/\/mediarun.com\/pl\/wp-json\/wp\/v2\/comments?post=161701"}],"version-history":[{"count":0,"href":"https:\/\/mediarun.com\/pl\/wp-json\/wp\/v2\/posts\/161701\/revisions"}],"wp:featuredmedia":[{"embeddable":true,"href":"https:\/\/mediarun.com\/pl\/wp-json\/wp\/v2\/media\/161702"}],"wp:attachment":[{"href":"https:\/\/mediarun.com\/pl\/wp-json\/wp\/v2\/media?parent=161701"}],"wp:term":[{"taxonomy":"category","embeddable":true,"href":"https:\/\/mediarun.com\/pl\/wp-json\/wp\/v2\/categories?post=161701"},{"taxonomy":"post_tag","embeddable":true,"href":"https:\/\/mediarun.com\/pl\/wp-json\/wp\/v2\/tags?post=161701"}],"curies":[{"name":"wp","href":"https:\/\/api.w.org\/{rel}","templated":true}]}}