{"id":161328,"date":"2015-10-27T14:48:00","date_gmt":"2015-10-27T13:48:00","guid":{"rendered":"https:\/\/mediarun.com\/pl\/?p=161328"},"modified":"2015-10-28T14:16:20","modified_gmt":"2015-10-28T13:16:20","slug":"gdzie-biznes-spotyka-technologie-targi-expo-krakow","status":"publish","type":"post","link":"https:\/\/mediarun.com\/pl\/wydarzenia\/konferencje\/gdzie-biznes-spotyka-technologie-targi-expo-krakow.html","title":{"rendered":"Gdzie biznes spotyka technologi\u0119"},"content":{"rendered":"<p>Czy dzisiejszy \u015bwiat biznesu m\u00f3g\u0142by funkcjonowa\u0107 bez szybkiego dost\u0119pu do internetu i urz\u0105dze\u0144 mobilnych? Ci\u0119\u017cko wyobrazi\u0107 sobie tak\u0105 sytuacj\u0119. Internet ju\u017c dawno sta\u0142 si\u0119 aren\u0105 wymiany informacji, a coraz nowsze urz\u0105dzenia mobilne tylko u\u0142atwiaj\u0105 szybki dost\u0119p do potrzebnych danych. To one zacz\u0119\u0142y okre\u015bla\u0107 nasz styl \u017cycia, wr\u0119cz ingerowa\u0107 w nasz codzienny rytm dnia. Dzi\u0119ki nim dbamy o nasz\u0105 aktywno\u015b\u0107 fizyczn\u0105, dokonujemy zakup\u00f3w, uczymy si\u0119, a nawet nawi\u0105zujemy towarzyskie relacje.<\/p>\n<p>Dwa wydarzenia: <b>Mobile Trends Conference <\/b>oraz odbywaj\u0105ce si\u0119 r\u00f3wnolegle\u00a0 <b>3. Targi Rozwi\u0105za\u0144 IT, E-commerce i Urz\u0105dze\u0144 Mobilnych Mobile-IT<\/b>, sprawi\u0105 i\u017c na pocz\u0105tku przysz\u0142ego roku (17-19 lutego 2016 r.) <b>EXPO Krak\u00f3w<\/b> ponownie stanie si\u0119 sercem mobilnych technologii.<\/p>\n<p><a href=\"https:\/\/mediarun.com\/wp-content\/uploads\/2015\/10\/10991436_800789309992671_6681458984348730856_n.jpg\"><img fetchpriority=\"high\" decoding=\"async\" class=\"alignnone size-full wp-image-161330\" src=\"https:\/\/mediarun.com\/wp-content\/uploads\/2015\/10\/10991436_800789309992671_6681458984348730856_n.jpg\" alt=\"10991436_800789309992671_6681458984348730856_n\" width=\"720\" height=\"480\" title=\"\" srcset=\"https:\/\/mediarun.com\/pl\/wp-content\/uploads\/2015\/10\/10991436_800789309992671_6681458984348730856_n.jpg 720w, https:\/\/mediarun.com\/pl\/wp-content\/uploads\/2015\/10\/10991436_800789309992671_6681458984348730856_n-300x200.jpg 300w, https:\/\/mediarun.com\/pl\/wp-content\/uploads\/2015\/10\/10991436_800789309992671_6681458984348730856_n-600x400.jpg 600w\" sizes=\"(max-width: 720px) 100vw, 720px\" \/><\/a><\/p>\n<p>My\u015bl\u0105c o zmieniaj\u0105cym si\u0119 \u015bwiecie, organizatorzy <b>Targ\u00f3w Mobile-IT <\/b>przearan\u017cowali zakres tematyczny targ\u00f3w. Jest to efekt zdobytych do\u015bwiadcze\u0144 oraz wielu godzin rozm\u00f3w z\u00a0dotychczasowymi uczestnikami, co w efekcie zaowocuje po\u0142\u0105czeniem nowych stref tematycznych z\u00a0tym, co zda\u0142o egzamin podczas poprzednich edycji. Targi Mobile-IT to jedyna impreza tego typu w\u00a0po\u0142udniowej Polsce, na kt\u00f3rej krzy\u017cuj\u0105 si\u0119 drogi biznesu, nauki oraz pasji zwi\u0105zanej z nowymi technologiami. <b>Tylko do ko\u0144ca pa\u017adziernika wszyscy wystawcy mog\u0105 zakupi\u0107 stoiska w specjalnej, ni\u017cszej cenie!<\/b><\/p>\n<p><b>Targi Mobile-IT zmieniaj\u0105 si\u0119 dla odwiedzaj\u0105cych<\/b><\/p>\n<p>W tym roku nieprzypadkowo w nazwie wydarzenia pojawi\u0142o si\u0119 s\u0142owo <b>e-commerce<\/b>, b\u0119d\u0105ce wyznacznikiem wsp\u00f3\u0142czesnego spojrzenia na biznes. Zakupy mobilne s\u0105 coraz powszechniejsze i coraz wi\u0119cej \u015brodk\u00f3w wydaje si\u0119 na reklamy mobile. Firmy zaczynaj\u0105 zauwa\u017ca\u0107 jak kluczowe jest dostosowanie swoich stron do urz\u0105dze\u0144 przeno\u015bnych. Dlatego te\u017c w czasie targ\u00f3w zaprezentowane zostan\u0105 rozmaite narz\u0119dzia marketingu internetowego, m.in.: us\u0142ugi mobilne i kurierskie, por\u00f3wnywarki cen, serwery oraz \u015brodki zapewniaj\u0105ce bezpiecze\u0144stwo i ochron\u0119 danych.<\/p>\n<p><b>Podczas nadchodz\u0105cej edycji nie zabraknie stref specjalnych &#8211;\u00a0 strefa gier i rozrywki<\/b><\/p>\n<p>Przemys\u0142 gier komputerowych w Ma\u0142opolsce rozwija si\u0119 w szybkim tempie. Powstaje coraz wi\u0119cej gier, kt\u00f3re mog\u0105 konkurowa\u0107 na mi\u0119dzynarodowym rynku. Nie brakuje r\u00f3wnie\u017c pasjonat\u00f3w, kt\u00f3rzy nie wyobra\u017caj\u0105 sobie odci\u0119cia od wirtualnego \u015bwiata. Podczas targ\u00f3w Mobile-IT znajdzie si\u0119 r\u00f3wnie\u017c miejsce dla wszystkich mi\u0142o\u015bnik\u00f3w dobrej zabawy w wirtualnej rzeczywisto\u015bci. Symulatory, konsole, oculusy i wiele innych gad\u017cet\u00f3w to, to co b\u0119dzie mo\u017cna znale\u017a\u0107 w <b>strefie gier i rozrywki<\/b>.<\/p>\n<p>Ci\u0119\u017cko wyobrazi\u0107 sobie Targi Mobile-IT bez <b>strefy start-up\u00f3w<\/b>, szczeg\u00f3lnie w Krakowie, gdzie z roku na rok coraz wi\u0119cej os\u00f3b my\u015bli o swoim biznesie. Zanim jednak start-up odniesie sukces na Kickstarterze, warto go zaprezentowa\u0107 podczas takich wydarze\u0144 jak Targi Mobile-IT , kt\u00f3re gromadz\u0105 tak wielu zainteresowanych t\u0105 tematyk\u0105 os\u00f3b. Dlatego organizatorzy targ\u00f3w ju\u017c dzi\u015b zach\u0119caj\u0105 do zg\u0142aszania udzia\u0142u.<\/p>\n<p>Na odwiedzaj\u0105cych Targi czeka r\u00f3wnie\u017c wiele innych, nowych stref, maj\u0105cych za zadanie pozwoli\u0107 przetestowa\u0107 samodzielnie nowe rozwi\u0105zania, jakie niesie ze sob\u0105 \u015bwiat mobile. Wi\u0119cej informacji na ich temat mo\u017cna znale\u017a\u0107 na stronie www.mobile-it.com.pl<\/p>\n<p><b>Mobile Trends Conference \u015bwi\u0119tuje jubileusz!<\/b><\/p>\n<p>W tym roku odb\u0119dzie si\u0119\u00a0 5., jubileuszowa edycja Mobile Trends Conference. To trzy dni, od 17 do 19 lutego 2016 r., podczas kt\u00f3rych ka\u017cdy znajdzie co\u015b dla siebie. <b>17 lutego <\/b>miejsce mia\u0142 b\u0119dzie <b>Business Day<\/b>, po\u015bwi\u0119cony zastosowaniu mobile w biznesie. Drugiego dnia, <b>18 lutego <\/b>odb\u0119dzie si\u0119 <b>Inspiration Day,<\/b> gdzie ka\u017cdy b\u0119dzie m\u00f3g\u0142 wys\u0142ucha\u0107 budz\u0105cych do dzia\u0142ania prelekcji \u2013 aby m\u00f3c rozwija\u0107 si\u0119 zar\u00f3wno w biznesie, jak i personalnie. <b>19 lutego <\/b>to <b>Development Day<\/b> dedykowany przede wszystkim deweloperom, kt\u00f3rzy tego dnia b\u0119d\u0105 mogli wys\u0142ucha\u0107 r\u00f3wnie\u017c go\u015bci zza granicy.<\/p>\n<p>Jak co roku wr\u0119czone zostan\u0105 nagrody <b>Mobile Trends Awards <\/b>przyznawane przez kapitu\u0142\u0119 konkursow\u0105 dla najlepszych rozwi\u0105za\u0144 mobilnych roku. Eksperci ze \u015bwiata mobile i IT wr\u0119cz\u0105 statuetki podczas uroczystej gali, kt\u00f3ra b\u0119dzie mia\u0142a miejsce <b>18 lutego. Ju\u017c teraz mo\u017cna zg\u0142osi\u0107 swoj\u0105 firm\u0119 do konkursu, by m\u00f3c zawalczy\u0107 o miano najlepszych<\/b> i rozpocz\u0105\u0107 rok 2016 od podniesienia swojej warto\u015bci w bran\u017cy poprzez otrzymanie nagrody przyznanej przez \u015brodowisko i dla \u015brodowiska zwi\u0105zanego z szeroko rozumianym mobile.<\/p>\n<p><b>Sprzeda\u017c bilet\u00f3w na Mobile Trends Conference 2016 ju\u017c ruszy\u0142a!<\/b> Warto zdecydowa\u0107 si\u0119 na ich wczesny zakup, poniewa\u017c wi\u0105\u017ce si\u0119 on z ni\u017csz\u0105 cen\u0105 bilet\u00f3w. Trwa r\u00f3wnie\u017c <b>call for papers <\/b>dla wszystkich zainteresowanych podzieleniem si\u0119 swoj\u0105 wiedz\u0105 i do\u015bwiadczeniem w roli prelegenta MTC2016.<\/p>\n<p>&nbsp;<\/p>\n<p>Wszystkie niezb\u0119dne informacje znajduj\u0105 si\u0119 na stronie\u00a0<b>www.2016.<a href=\"https:\/\/mediarun.com\/tag\/mobiletrends\" target=\"_blank\" rel=\"noreferrer\"><u>mobiletrends<\/u><\/a>.pl.<\/b><\/p>\n<p>Mobile Trends Conference \u2013 17-19 lutego 2016<\/p>\n<p>Miejsce:\u00a0<a href=\"https:\/\/mediarun.com\/tag\/expo-krakow\" target=\"_blank\" rel=\"noreferrer\"><u>EXPO Krak\u00f3w<\/u><\/a><\/p>\n<p>Rejestracja:<b>\u00a0<a href=\"http:\/\/2016.mobiletrends.pl\/\" target=\"_blank\" rel=\"noreferrer noopener\">http:\/\/2016.mobiletrends.pl\/<\/a><a href=\"https:\/\/mediarun.com\/tag\/konferencja\" target=\"_blank\" rel=\"noreferrer\"><u>konferencja<\/u><\/a>-zapisy<\/b><\/p>\n<p>Call for papers<b>:\u00a0<a href=\"http:\/\/2016.mobiletrends.pl\/konferencja-prelegenci\" target=\"_blank\" rel=\"noreferrer noopener\">http:\/\/2016.mobiletrends.pl\/konferencja-prelegenci<\/a><\/b><\/p>\n<p>Zg\u0142oszenia do MTA:\u00a0<b><a href=\"http:\/\/2016.mobiletrends.pl\/mobile-trends-awards\" target=\"_blank\" rel=\"noreferrer noopener\">http:\/\/2016.mobiletrends.pl\/mobile-trends-awards<\/a><\/b><\/p>\n<p>Targi 18-19 lutego 2016<br \/>\nMiejsce: EXPO Krak\u00f3w<\/p>\n<p>Wystawcy:\u00a0<b><a href=\"http:\/\/2016.mobiletrends.pl\/wystawcy\" target=\"_blank\" rel=\"noreferrer noopener\">http:\/\/2016.mobiletrends.pl\/wystawcy<\/a><\/b><\/p>\n<p>Informacje dla wystawc\u00f3w:\u00a0<b><a href=\"http:\/\/2016.mobiletrends.pl\/informacje-wystawcy\" target=\"_blank\" rel=\"noreferrer noopener\">http:\/\/2016.mobiletrends.pl\/informacje-wystawcy<\/a><\/b><\/p>\n<p>Relacja z poprzedniej edycji na\u00a0<b><a href=\"https:\/\/youtu.be\/njEk5abO_Tw?ist=PLnF5Cd9tqfBwRrSh7zQ630SRTXk7xf1gL\" target=\"_blank\" rel=\"noreferrer noopener\">https:\/\/youtu.be\/njEk5abO_Tw?ist=PLnF5Cd9tqfBwRrSh7zQ630SRTXk7xf1gL<\/a><\/b><\/p>\n<p>&nbsp;<\/p>\n<p>Organizatorami wydarzenia s\u0105 <b>Targi w Krakowie Sp. z o.o.<\/b> oraz <b>ClickMaster Polska.<\/b><\/p>\n","protected":false},"excerpt":{"rendered":"Targi Mobile-IT oraz Mobile Trends Conference ju\u017c w lutym.","protected":false},"author":17,"featured_media":161329,"comment_status":"open","ping_status":"closed","sticky":false,"template":"","format":"standard","meta":{"csco_display_header_overlay":false,"csco_singular_sidebar":"","csco_page_header_type":"","csco_page_load_nextpost":"","csco_post_video_location":[],"csco_post_video_location_hash":"","csco_post_video_url":"","csco_post_video_bg_start_time":0,"csco_post_video_bg_end_time":0,"footnotes":""},"categories":[9651,4641],"tags":[8148,8150,8149,8151,8147],"class_list":{"0":"post-161328","1":"post","2":"type-post","3":"status-publish","4":"format-standard","5":"has-post-thumbnail","7":"category-event","8":"category-konferencje","9":"tag-e-commerce-i-urzadzen-mobilnych-mobile-it","10":"tag-expo-krakow","11":"tag-mobile-trends-conference","12":"tag-targi-expo","13":"tag-targi-rozwiazan-it","14":"cs-entry","15":"cs-video-wrap"},"_links":{"self":[{"href":"https:\/\/mediarun.com\/pl\/wp-json\/wp\/v2\/posts\/161328","targetHints":{"allow":["GET"]}}],"collection":[{"href":"https:\/\/mediarun.com\/pl\/wp-json\/wp\/v2\/posts"}],"about":[{"href":"https:\/\/mediarun.com\/pl\/wp-json\/wp\/v2\/types\/post"}],"author":[{"embeddable":true,"href":"https:\/\/mediarun.com\/pl\/wp-json\/wp\/v2\/users\/17"}],"replies":[{"embeddable":true,"href":"https:\/\/mediarun.com\/pl\/wp-json\/wp\/v2\/comments?post=161328"}],"version-history":[{"count":0,"href":"https:\/\/mediarun.com\/pl\/wp-json\/wp\/v2\/posts\/161328\/revisions"}],"wp:featuredmedia":[{"embeddable":true,"href":"https:\/\/mediarun.com\/pl\/wp-json\/wp\/v2\/media\/161329"}],"wp:attachment":[{"href":"https:\/\/mediarun.com\/pl\/wp-json\/wp\/v2\/media?parent=161328"}],"wp:term":[{"taxonomy":"category","embeddable":true,"href":"https:\/\/mediarun.com\/pl\/wp-json\/wp\/v2\/categories?post=161328"},{"taxonomy":"post_tag","embeddable":true,"href":"https:\/\/mediarun.com\/pl\/wp-json\/wp\/v2\/tags?post=161328"}],"curies":[{"name":"wp","href":"https:\/\/api.w.org\/{rel}","templated":true}]}}