{"id":16129,"date":"2011-05-19T23:28:55","date_gmt":"2011-05-19T21:28:55","guid":{"rendered":"https:\/\/mediarun.com\/index.php\/dyrektor-marketingu-roku-obrady-kapituly-zakonczone\/"},"modified":"2015-01-13T01:14:17","modified_gmt":"2015-01-13T01:14:17","slug":"dyrektor-marketingu-roku-obrady-kapituly-zakonczone","status":"publish","type":"post","link":"https:\/\/mediarun.com\/pl\/wydarzenia\/konkursy\/dyrektor-marketingu-roku-obrady-kapituly-zakonczone.html","title":{"rendered":"Dyrektor Marketingu Roku: obrady kapitu\u0142y zako\u0144czone"},"content":{"rendered":"<p>Celem konkursu Dyrektor Marketingu Roku jest wyb&oacute;r talent&oacute;w i osobowo\u015bci w dziedzinie marketingu &#8211; os&oacute;b, kt&oacute;rych dzia\u0142ania w 2010 roku wp\u0142yn\u0119\u0142y na sukces rynkowy firm, zmian\u0119 pejza\u017cu komunikacji i reklamy w Polsce, pozwalaj\u0105c rozwija\u0107 si\u0119 wielu firmom mediowym i reklamowym.<\/p>\n<p>Zg\u0142oszone kandydatury, kt&oacute;re spe\u0142nia\u0142y zasady regulaminu konkursu, zosta\u0142y poddane ocenie kapitu\u0142y z\u0142o\u017conej z przedstawicieli partner&oacute;w, ekspert&oacute;w, medi&oacute;w i organizatora konkursu:<\/p>\n<ul>\n<li>Pawe\u0142 Netczuk, Prezes Zarz\u0105du Mediarun<\/li>\n<li>Mariusz Ryciak, Szef projektu &#8211; Dyrektor Marketingu Roku Mediarun<\/li>\n<li>Rafa\u0142 Baran, Prezes Zarz\u0105du Grey Group<\/li>\n<li>Marcin Skowro\u0144ski, Dyrektor Pionu Marketingu Grupa Onet.pl<\/li>\n<li>Iwona Kossman, Prezes Zarz\u0105du Bonnier Business Polska<\/li>\n<li>Rados\u0142aw N\u0119cki, Prezes Zarz\u0105du Prowokator<\/li>\n<li>dr Ewa \u0141abno-Fal\u0119cka, Dyrektor External Affairs Mercedes-Benz Polska<\/li>\n<li>Piotr P\u0142ocharski, Dyrektor Zarz\u0105dzaj\u0105cy Lighthouse Consultants<\/li>\n<li>Marcin Wo\u017aniak, Prezes Zarz\u0105du, COO ARBOmedia AG<\/li>\n<li>Jacek Makowski, Dyrektor Marketingu i Sprzeda\u017cy w Ringier Axel Springer Polska<\/li>\n<li>Dariusz Grzywaczewski, Prezes Zarz\u0105du Radia PiN<\/li>\n<li>Bartosz Mateja, Prezes Zarz\u0105du i W\u0142a\u015bciciel Prografix<\/li>\n<li>Patrycja Hatalska, Dyrektor Marketingu Vistula Group<\/li>\n<li>Piotr Welc, W\u0142a\u015bciciel &#8211; Digital Open Groun<\/li>\n<li>Olgierd Cygan, Prezes Zarz\u0105du Digital One<\/li>\n<li>Waldemar Rzepecki, W\u0142a\u015bciciel &#8211; Bancom<\/li>\n<li>Cyprian Kostewicz, Dyrektor Sprzeda\u017cy i Marketingu WPC<\/li>\n<li>Pawe\u0142 Trochimiuk, Prezes Zwi\u0105zku Firm Public Relations<\/li>\n<li>Bart\u0142omiej Serafi\u0144ski, W\u0142a\u015bciciel &#8211; Touch Ideas<\/li>\n<li>Monika Nowoczesna, Konsultantka, trener AchieveGlobal<\/li>\n<li>Dominik Doli\u0144ski, Cz\u0142onek Zarz\u0105du Oshee Polska<\/li>\n<li>Wojciech Grendzi\u0144ski, Dyrektor ds. Handlowych, Wiceprezes Zarz\u0105du IMS<\/li>\n<li>Piotr Pokrzywa, Dyrektor Generalny SMB<\/li>\n<li>Micha\u0142 M. Lisiecki, Prezes Zarz\u0105du Platforma Mediowa Point Group SA, Prezes AWR Wprost<\/li>\n<li>Krzysztof Gawrych, Partner w Event Room<\/li>\n<\/ul>\n<p>Ocena uwzgl\u0119dnia\u0142a m.in.: osi\u0105gni\u0119cia zawodowe, innowacyjno\u015b\u0107, efektywno\u015b\u0107, cechy personalne, umiej\u0119tno\u015bci mened\u017cerskie, solidno\u015b\u0107 zawodow\u0105 i etyk\u0119.<\/p>\n<p>Wyniki konkursu zostan\u0105 og\u0142oszone podczas uroczystej gali fina\u0142owej, kt&oacute;ra odb\u0119dzie 31 maja, w trakcie Kongresu &#8222;Future Marketing&#8221; w Sopocie. W trakcie gali zostan\u0105 wr\u0119czone nagrody w 2 kategoriach: Du\u017ca Firma oraz Ma\u0142e lub \u015arednie Przedsi\u0119biorstwo. Przyznane zostan\u0105 r&oacute;wnie\u017c wyr&oacute;\u017cnienia.<\/p>\n<p>Statuetki dla zwyci\u0119zc&oacute;w wykona firma W.Kruk, nagrodzeni otrzymaj\u0105 r&oacute;wnie\u017c nagrody ufundowane przez firmy TAG Heuer, Mercedes-Benz, W. Kruk i Vistula.<\/p>\n<p>Gal\u0119 w Sopocie poprowadzi Marcin Prokop, prezenter telewizji TVN i redaktor naczelny magazynu Stuff, a wydarzenie u\u015bwietni wyst\u0119p Sabiny Jeszki, finalistki ubieg\u0142orocznej edycji programu &#8222;Mam talent!&#8221;.<\/p>\n<p>Obs\u0142ug\u0119 prawn\u0105 konkursu zapewnia Kancelaria Prawna LSW &#8211; Le\u015bnodorski, \u015alusarek i Wsp&oacute;lnicy, audytorem konkursu jest firma PWC &#8211; PricewaterhouseCoopers.<\/p>\n<p>Konkurs organizowany jest przez sp&oacute;\u0142k\u0119 Mediarun, wydawc\u0119 serwis&oacute;w internetowych Mediarun.pl, Zegarek.pl, Medialink.pl, Trunki.pl, Medialine.pl oraz TiviGuide.pl, docieraj\u0105cych do kilkuset tysi\u0119cy u\u017cytkownik&oacute;w miesi\u0119cznie.<\/p>\n","protected":false},"excerpt":{"rendered":"19 maja w hotelu Hyatt w Warszawie odby\u0142y si\u0119&nbsp;obrady kapitu\u0142y konkursu Dyrektor Marketingu Roku. Zwyci\u0119zc&oacute;w poznamy podczas gali 31 maja w Sopocie.","protected":false},"author":1,"featured_media":16130,"comment_status":"open","ping_status":"closed","sticky":false,"template":"","format":"standard","meta":{"csco_display_header_overlay":false,"csco_singular_sidebar":"","csco_page_header_type":"","csco_page_load_nextpost":"","csco_post_video_location":[],"csco_post_video_location_hash":"","csco_post_video_url":"","csco_post_video_bg_start_time":0,"csco_post_video_bg_end_time":0,"footnotes":""},"categories":[4641,4640],"tags":[385,466],"class_list":{"0":"post-16129","1":"post","2":"type-post","3":"status-publish","4":"format-standard","5":"has-post-thumbnail","7":"category-konferencje","8":"category-konkursy","9":"tag-dyrektor-marketingu-roku","10":"tag-kongres-dyrektorow-marketingu","11":"cs-entry","12":"cs-video-wrap"},"_links":{"self":[{"href":"https:\/\/mediarun.com\/pl\/wp-json\/wp\/v2\/posts\/16129","targetHints":{"allow":["GET"]}}],"collection":[{"href":"https:\/\/mediarun.com\/pl\/wp-json\/wp\/v2\/posts"}],"about":[{"href":"https:\/\/mediarun.com\/pl\/wp-json\/wp\/v2\/types\/post"}],"author":[{"embeddable":true,"href":"https:\/\/mediarun.com\/pl\/wp-json\/wp\/v2\/users\/1"}],"replies":[{"embeddable":true,"href":"https:\/\/mediarun.com\/pl\/wp-json\/wp\/v2\/comments?post=16129"}],"version-history":[{"count":0,"href":"https:\/\/mediarun.com\/pl\/wp-json\/wp\/v2\/posts\/16129\/revisions"}],"wp:featuredmedia":[{"embeddable":true,"href":"https:\/\/mediarun.com\/pl\/wp-json\/wp\/v2\/media\/16130"}],"wp:attachment":[{"href":"https:\/\/mediarun.com\/pl\/wp-json\/wp\/v2\/media?parent=16129"}],"wp:term":[{"taxonomy":"category","embeddable":true,"href":"https:\/\/mediarun.com\/pl\/wp-json\/wp\/v2\/categories?post=16129"},{"taxonomy":"post_tag","embeddable":true,"href":"https:\/\/mediarun.com\/pl\/wp-json\/wp\/v2\/tags?post=16129"}],"curies":[{"name":"wp","href":"https:\/\/api.w.org\/{rel}","templated":true}]}}