{"id":161282,"date":"2015-10-27T12:05:02","date_gmt":"2015-10-27T11:05:02","guid":{"rendered":"https:\/\/mediarun.com\/pl\/?p=161282"},"modified":"2015-10-27T12:07:45","modified_gmt":"2015-10-27T11:07:45","slug":"najwieksze-forum-branzy-eventowej","status":"publish","type":"post","link":"https:\/\/mediarun.com\/pl\/wydarzenia\/konferencje\/najwieksze-forum-branzy-eventowej.html","title":{"rendered":"Najwi\u0119ksze Forum Bran\u017cy Eventowej"},"content":{"rendered":"<p><strong>Integracja, wymiana wiedzy, networking, interesuj\u0105ce wyst\u0105pienia i prelekcje, panele i dyskusje eksperckie, nowo\u015bci, prezentacje ponad 100 dostawc\u00f3w oraz dobra zabawa, to tylko cz\u0119\u015b\u0107 powod\u00f3w, dla kt\u00f3rych warto uczestniczy\u0107 w najwi\u0119kszym spotkaniu bran\u017cy.<\/strong><\/p>\n<p>14 STYCZNIA 2016 w Centrum Targowym MT Polska w Warszawie odb\u0119dzie si\u0119 najwi\u0119ksze spotkanie bran\u017cy eventowej organizowane przez Partnera Mediarun.com &#8211; Forum Evential.<\/p>\n<h3>Dla kogo?<\/h3>\n<ul>\n<li>Dzia\u0142y HR<\/li>\n<li>Dzia\u0142y Marketingu i Komunikacji<\/li>\n<li>Agencje Eventowe<\/li>\n<li>Agencje PR<\/li>\n<li>Dzia\u0142y Zakup\u00f3w<\/li>\n<li>Dzia\u0142y Sprzeda\u017cy<\/li>\n<li>Centra Handlowe<\/li>\n<\/ul>\n<h2 class=\"title\">Co w programie?<\/h2>\n<h4>NETWORKING<\/h4>\n<div class=\"desc\">Wydaje si\u0119, \u017ce niekt\u00f3rzy ludzie biznesu maj\u0105 zawsze szcz\u0119\u015bcie. Bli\u017csza analiza pokazuje, ze ludzie Ci zazwyczaj skutecznie piel\u0119gnuj\u0105 kontakty i ch\u0119tnie nawi\u0105zuj\u0105 nowe znajomo\u015bci. Kontakty networkingowe opieraj\u0105 si\u0119 na wzajemnym zaufaniu i poparciu. Dlatego nie zwlekaj i we\u017a udzia\u0142 w czterech moderowanych sesjach networkingowych oraz maj\u0105cym mniej oficjalny charakter after party, kt\u00f3re odb\u0119d\u0105 si\u0119 w trakcie Forum. Nie wiesz czy skutecznie wykorzystasz swoj\u0105 obecno\u015b\u0107 na tym wydarzeniu? W\u0105tpisz czy uda Ci si\u0119 nawi\u0105za\u0107 nowe kontakty z potencjalnymi partnerami w biznesie? Pomo\u017cemy Ci w tym. Zadbamy by\u015b zosta\u0142 w\u0142a\u015bciwie przedstawiony i nie sta\u0142 samotnie w trakcie sesji networkingowych.<\/div>\n<div class=\"desc\"><\/div>\n<div class=\"desc\">\n<h4>KONFERENCJA, PANELE, DYSKUSJE<\/h4>\n<div class=\"desc\">Bardzo ciekawie zapowiada si\u0119 cz\u0119\u015b\u0107 merytoryczna, w ramach kt\u00f3rej om\u00f3wione i przedysktuowane zostanie zastosowanie event\u00f3w w dzia\u0142aniach motywacyjnych i integracyjnych przedsi\u0119biorstwa oraz w programach motywacji sprzeda\u017cy. Panele eksperckie przybli\u017c\u0105 szczeg\u00f3\u0142owo tak\u017ce aspekty techniczne i organizacyjne przy planowaniu wydarze\u0144. W szczeg\u00f3lno\u015bci wyb\u00f3r i projektowanie cateringu, scenografii, nag\u0142o\u015bnienia oraz w\u0142a\u015bciwy dob\u00f3r obiektu. Prelekcja na temat projektowego podej\u015bcia w realizacji eventu i kluczowych moment\u00f3w tego procesu jest te\u017c oczywi\u015bcie nie do przegapienia. A jak skutecznie wykorzystywa\u0107 event w budowaniu wizerunku marki i planowaniu strategii komunikacyjnej? O tym porozmawiamy ze strategami i ekspertami w dziedzinie komunikacji.<\/div>\n<\/div>\n<div class=\"desc\">\n<h4>STREFA BIZNES<\/h4>\n<div class=\"desc\">W trakcie Forum swoje mo\u017cliwo\u015bci przedstawi oko\u0142o 100 dostawc\u00f3w. Obok sesji networkingowych i wymiany wiedzy merytorycznej b\u0119dzie, wi\u0119c te\u017c miejsce i czas na bli\u017csze poznanie i szczeg\u00f3\u0142owe rozmowy przy kawie z dostawcami us\u0142ug reprezentuj\u0105cymi: &#8211; obiekty &#8211; catering &#8211; atrakcje &#8211; obs\u0142ug\u0119 techniczn\u0105 &#8211; gad\u017cety &#8211; infrastruktur\u0119 eventow\u0105 &#8211; us\u0142ugi oko\u0142oeventowe. Organizatorzy szczeg\u00f3lny nacisk po\u0142o\u017cyli na zaprezentowanie w tej strefie pomys\u0142\u00f3w i rozwi\u0105za\u0144 innowacyjnych, kt\u00f3re b\u0119d\u0105 mog\u0142y s\u0142u\u017cy\u0107 jako inspiracja w kolejnym sezonie.<\/div>\n<\/div>\n<div class=\"desc\"><\/div>\n<div class=\"desc\">Wi\u0119cej informacji na stronach : www.forumevential.pl, www.evential.pl.<\/div>\n","protected":false},"excerpt":{"rendered":"800 Profesjonalist\u00f3w z bran\u017cy, najnowsza wiedza, wyj\u0105tkowi prelegenci","protected":false},"author":17,"featured_media":161304,"comment_status":"open","ping_status":"closed","sticky":false,"template":"","format":"standard","meta":{"csco_display_header_overlay":false,"csco_singular_sidebar":"","csco_page_header_type":"","csco_page_load_nextpost":"","csco_post_video_location":[],"csco_post_video_location_hash":"","csco_post_video_url":"","csco_post_video_bg_start_time":0,"csco_post_video_bg_end_time":0,"footnotes":""},"categories":[9651,4641],"tags":[8130,5691,8134,7770,8132,8131,3591,8129,8128,3592,8135,9649,8133],"class_list":{"0":"post-161282","1":"post","2":"type-post","3":"status-publish","4":"format-standard","5":"has-post-thumbnail","7":"category-event","8":"category-konferencje","9":"tag-agencje-pr","10":"tag-couching","11":"tag-dyskusje","12":"tag-dzial-handlowy","13":"tag-dzial-sprzedazy","14":"tag-dzial-zakupow","15":"tag-event-2","16":"tag-forum-branzy-eventowej","17":"tag-forum-evential","18":"tag-konferencja","19":"tag-networting","20":"tag-pr","21":"tag-strefa-biznes","22":"cs-entry","23":"cs-video-wrap"},"_links":{"self":[{"href":"https:\/\/mediarun.com\/pl\/wp-json\/wp\/v2\/posts\/161282","targetHints":{"allow":["GET"]}}],"collection":[{"href":"https:\/\/mediarun.com\/pl\/wp-json\/wp\/v2\/posts"}],"about":[{"href":"https:\/\/mediarun.com\/pl\/wp-json\/wp\/v2\/types\/post"}],"author":[{"embeddable":true,"href":"https:\/\/mediarun.com\/pl\/wp-json\/wp\/v2\/users\/17"}],"replies":[{"embeddable":true,"href":"https:\/\/mediarun.com\/pl\/wp-json\/wp\/v2\/comments?post=161282"}],"version-history":[{"count":0,"href":"https:\/\/mediarun.com\/pl\/wp-json\/wp\/v2\/posts\/161282\/revisions"}],"wp:featuredmedia":[{"embeddable":true,"href":"https:\/\/mediarun.com\/pl\/wp-json\/wp\/v2\/media\/161304"}],"wp:attachment":[{"href":"https:\/\/mediarun.com\/pl\/wp-json\/wp\/v2\/media?parent=161282"}],"wp:term":[{"taxonomy":"category","embeddable":true,"href":"https:\/\/mediarun.com\/pl\/wp-json\/wp\/v2\/categories?post=161282"},{"taxonomy":"post_tag","embeddable":true,"href":"https:\/\/mediarun.com\/pl\/wp-json\/wp\/v2\/tags?post=161282"}],"curies":[{"name":"wp","href":"https:\/\/api.w.org\/{rel}","templated":true}]}}