{"id":161080,"date":"2015-10-21T15:15:50","date_gmt":"2015-10-21T13:15:50","guid":{"rendered":"https:\/\/mediarun.com\/pl\/?p=161080"},"modified":"2015-10-21T15:26:18","modified_gmt":"2015-10-21T13:26:18","slug":"nowy-dyrektor-programowy-telewizji-puls","status":"publish","type":"post","link":"https:\/\/mediarun.com\/pl\/media\/nowy-dyrektor-programowy-telewizji-puls.html","title":{"rendered":"Nowy dyrektor programowy telewizji Puls"},"content":{"rendered":"<div>Barbara Bili\u0144ska-K\u0119pa zostanie dyrektorem programowym Telewizji Puls, nadawcy kana\u0142\u00f3w TV Puls i Puls 2.<\/div>\n<p>Barbara Bili\u0144ska nowe obowi\u0105zki obejmie 4 listopada. Od maja br. odpowiada\u0142a za dzia\u0142ania programowe i marketingowe A+E Networks na polskim rynku. Wcze\u015bniej by\u0142a dyrektorem biura handlu Telewizji Polskiej (2012-2015). Pracowa\u0142a te\u017c w Discovery Networks: najpierw jako mened\u017cer kana\u0142u Discovery Historia, tworzonego wsp\u00f3lnie z TVN, a potem dyrektor kana\u0142\u00f3w na Europ\u0119 \u015arodkow\u0105 (uruchamia\u0142a kana\u0142 kobiecy TLC, kt\u00f3ry w 2010 roku zast\u0105pi\u0142 stacj\u0119 Discovery Travel &amp; Living). Przed prac\u0105 w Discovery Networks przez 13 lat by\u0142a zwi\u0105zana z TVP, m.in. jako wicedyrektor i p.o. dyrektor Dw\u00f3jki. Dyrektorem programowym Telewizji Puls jest obecnie prezes sp\u00f3\u0142ki Dariusz D\u0105bski. Barbara Bili\u0144ska nie komentuje tych informacji, podobnie jak biuro prasowe Telewizji Puls.<\/p>\n<p>&nbsp;<\/p>\n","protected":false},"excerpt":{"rendered":"Telewizja Puls mianuje nowego Dyrektora Programowego","protected":false},"author":17,"featured_media":161081,"comment_status":"open","ping_status":"closed","sticky":false,"template":"","format":"standard","meta":{"csco_display_header_overlay":false,"csco_singular_sidebar":"","csco_page_header_type":"","csco_page_load_nextpost":"","csco_post_video_location":[],"csco_post_video_location_hash":"","csco_post_video_url":"","csco_post_video_bg_start_time":0,"csco_post_video_bg_end_time":0,"footnotes":""},"categories":[9668],"tags":[6513,3604,8080,8079,8078],"class_list":{"0":"post-161080","1":"post","2":"type-post","3":"status-publish","4":"format-standard","5":"has-post-thumbnail","7":"category-media","8":"tag-barbara-bilinska-kepa","9":"tag-dyrektor","10":"tag-dyrektor-programowy","11":"tag-nowy-dyrektor","12":"tag-telewizja-puls","13":"cs-entry","14":"cs-video-wrap"},"_links":{"self":[{"href":"https:\/\/mediarun.com\/pl\/wp-json\/wp\/v2\/posts\/161080","targetHints":{"allow":["GET"]}}],"collection":[{"href":"https:\/\/mediarun.com\/pl\/wp-json\/wp\/v2\/posts"}],"about":[{"href":"https:\/\/mediarun.com\/pl\/wp-json\/wp\/v2\/types\/post"}],"author":[{"embeddable":true,"href":"https:\/\/mediarun.com\/pl\/wp-json\/wp\/v2\/users\/17"}],"replies":[{"embeddable":true,"href":"https:\/\/mediarun.com\/pl\/wp-json\/wp\/v2\/comments?post=161080"}],"version-history":[{"count":0,"href":"https:\/\/mediarun.com\/pl\/wp-json\/wp\/v2\/posts\/161080\/revisions"}],"wp:featuredmedia":[{"embeddable":true,"href":"https:\/\/mediarun.com\/pl\/wp-json\/wp\/v2\/media\/161081"}],"wp:attachment":[{"href":"https:\/\/mediarun.com\/pl\/wp-json\/wp\/v2\/media?parent=161080"}],"wp:term":[{"taxonomy":"category","embeddable":true,"href":"https:\/\/mediarun.com\/pl\/wp-json\/wp\/v2\/categories?post=161080"},{"taxonomy":"post_tag","embeddable":true,"href":"https:\/\/mediarun.com\/pl\/wp-json\/wp\/v2\/tags?post=161080"}],"curies":[{"name":"wp","href":"https:\/\/api.w.org\/{rel}","templated":true}]}}