{"id":161066,"date":"2015-10-21T14:22:58","date_gmt":"2015-10-21T12:22:58","guid":{"rendered":"https:\/\/mediarun.com\/pl\/?p=161066"},"modified":"2015-10-22T09:58:32","modified_gmt":"2015-10-22T07:58:32","slug":"pr-forum-2015","status":"publish","type":"post","link":"https:\/\/mediarun.com\/pl\/marketing\/pr\/pr-forum-2015.html","title":{"rendered":"PR Forum 2015"},"content":{"rendered":"<p>23 pa\u017adziernika 2015 (pi\u0105tek) w Hotelu Westin w Warszawie odb\u0119dzie si\u0119 PR Forum 2015. W tym roku tematem przewodnim jest <strong>Powr\u00f3t do przysz\u0142o\u015bci &#8211; bran\u017ca w wehikule czasu pomi\u0119dzy tradycyjnym a nowym PR.<br \/>\n<\/strong><\/p>\n<p><strong>W cz\u0119\u015bci pierwszej Go\u015bciem specjalnym konferencji b\u0119dzie: Lord Chadlington<\/strong> wieloletni CEO obecnie doradca w Huntsworth plc. Do\u015bwiadczony ekspert Public Relations. Doradza\u0142 brytyjskim premierom, a od 1996 roku zasiada w Izbie Lord\u00f3w Wielkiej Brytanii.<\/p>\n<p>Zmierzymy si\u0119 z wyzwaniami, do jakich obliguje nas nowy PR w firmach, w szczeg\u00f3lno\u015bci:<\/p>\n<p>Jak tradycyjny PR odnajduje si\u0119 w dobie social medi\u00f3w? Czy jest fundamentem dla nowoczesnego podej\u015bcia? Gdzie jest z\u0142oty \u015brodek pomi\u0119dzy sprawdzonym, merytorycznym warsztatem a nowymi technologiami i nowatorskim podej\u015bciem do kreowania wizerunku? Jak wsp\u00f3\u0142cze\u015bnie mierzy\u0107 \u00a0efektywno\u015b\u0107 dzia\u0142a\u0144 PR, aby odnie\u015b\u0107 za\u0142o\u017cone cele? Jak przygotowa\u0107 odpowiedni mix medialny? Co oznaczaj\u0105 w\u0142a\u015bciwe proporcje i integracja w mediach? Jak kszta\u0142towa\u0107 adekwatny wizerunek medialny?<\/p>\n<p><strong>Drug\u0105 cz\u0119\u015b\u0107<\/strong> stanowi\u0107 b\u0119d\u0105 warsztaty podzielone na trzy r\u00f3wnoleg\u0142e bloki tematyczne, z kt\u00f3rych ka\u017cdy uczestnik ma do wyboru dwa tematy:<\/p>\n<ul>\n<li>EFEKTYWNY PR, CZYLI JAK MIERZY\u0106, \u017bEBY ZMIERZY\u0106?<\/li>\n<li>CONTENT W OWNED, PAID, EARNED MEDIA. JAK PO\u0141\u0104CZY\u0106 R\u00d3\u017bNE \u017bYWIO\u0141Y?<\/li>\n<li>WIZERUNEK NA MILION SPOSOB\u00d3W<\/li>\n<\/ul>\n<p>PR Forum dedykowane jest:<br \/>\nPrzedstawicielom Kadry Zarz\u0105dzaj\u0105cej<br \/>\nDyrektorom i Kierownikom dzia\u0142\u00f3w PR<br \/>\nRzecznikom Prasowym<br \/>\nSpecjalistom ds. PR<br \/>\nKierownikom Komunikacji Wewn\u0119trznej<br \/>\nOsobom zajmuj\u0105cym si\u0119 komunikacj\u0105 w firmach, instytucjach i agencjach PR<br \/>\nOsobom odpowiadaj\u0105cym w firmie za wizerunek, promocj\u0119, public relations, marketing<br \/>\nPrzedstawicielom Agencji PR.<\/p>\n<p>Szczeg\u00f3\u0142owy program oraz formularz zg\u0142oszeniowy dost\u0119pny na stronach:<\/p>\n<p><a href=\"http:\/\/www.prforum.pl\" target=\"_blank\" rel=\"noopener\">www.prforum.pl<\/a><\/p>\n<p>Wsp\u00f3\u0142organizatorami tegorocznej konferencji s\u0105 Puls Biznesu i Zwi\u0105zek Firm Public Relations.<\/p>\n<p><a href=\"https:\/\/mediarun.com\/wp-content\/uploads\/2015\/10\/PR-Forum.png\"><img fetchpriority=\"high\" decoding=\"async\" class=\"alignnone size-full wp-image-161067\" src=\"https:\/\/mediarun.com\/wp-content\/uploads\/2015\/10\/PR-Forum.png\" alt=\"PR Forum\" width=\"628\" height=\"102\" title=\"\"><\/a><\/p>\n","protected":false},"excerpt":{"rendered":"PR Forum to:  Do\u015bwiadczeni praktycy, warsztatowe podej\u015bcie, inspiruj\u0105ce case studies, \u015bwiatowe trendy w PR.","protected":false},"author":17,"featured_media":161095,"comment_status":"open","ping_status":"closed","sticky":false,"template":"","format":"standard","meta":{"csco_display_header_overlay":false,"csco_singular_sidebar":"","csco_page_header_type":"","csco_page_load_nextpost":"","csco_post_video_location":[],"csco_post_video_location_hash":"","csco_post_video_url":"","csco_post_video_bg_start_time":0,"csco_post_video_bg_end_time":0,"footnotes":""},"categories":[9648],"tags":[8076,8077,1958,1652,9649,240,5107],"class_list":{"0":"post-161066","1":"post","2":"type-post","3":"status-publish","4":"format-standard","5":"has-post-thumbnail","7":"category-pr","8":"tag-forum","9":"tag-lord-chadlington","10":"tag-lspr","11":"tag-pr-forum","12":"tag-pr","13":"tag-zlote-spinacze","14":"tag-zwiazek-firm-public-relations","15":"cs-entry","16":"cs-video-wrap"},"_links":{"self":[{"href":"https:\/\/mediarun.com\/pl\/wp-json\/wp\/v2\/posts\/161066","targetHints":{"allow":["GET"]}}],"collection":[{"href":"https:\/\/mediarun.com\/pl\/wp-json\/wp\/v2\/posts"}],"about":[{"href":"https:\/\/mediarun.com\/pl\/wp-json\/wp\/v2\/types\/post"}],"author":[{"embeddable":true,"href":"https:\/\/mediarun.com\/pl\/wp-json\/wp\/v2\/users\/17"}],"replies":[{"embeddable":true,"href":"https:\/\/mediarun.com\/pl\/wp-json\/wp\/v2\/comments?post=161066"}],"version-history":[{"count":0,"href":"https:\/\/mediarun.com\/pl\/wp-json\/wp\/v2\/posts\/161066\/revisions"}],"wp:featuredmedia":[{"embeddable":true,"href":"https:\/\/mediarun.com\/pl\/wp-json\/wp\/v2\/media\/161095"}],"wp:attachment":[{"href":"https:\/\/mediarun.com\/pl\/wp-json\/wp\/v2\/media?parent=161066"}],"wp:term":[{"taxonomy":"category","embeddable":true,"href":"https:\/\/mediarun.com\/pl\/wp-json\/wp\/v2\/categories?post=161066"},{"taxonomy":"post_tag","embeddable":true,"href":"https:\/\/mediarun.com\/pl\/wp-json\/wp\/v2\/tags?post=161066"}],"curies":[{"name":"wp","href":"https:\/\/api.w.org\/{rel}","templated":true}]}}