{"id":16103,"date":"2011-05-20T15:04:21","date_gmt":"2011-05-20T13:04:21","guid":{"rendered":"https:\/\/mediarun.com\/index.php\/itaka-rozpoczyna-kampanie-spoleczna-nie-uciekaj\/"},"modified":"2011-05-20T15:04:21","modified_gmt":"2011-05-20T13:04:21","slug":"itaka-rozpoczyna-kampanie-spoleczna-nie-uciekaj","status":"publish","type":"post","link":"https:\/\/mediarun.com\/pl\/marketing\/itaka-rozpoczyna-kampanie-spoleczna-nie-uciekaj.html","title":{"rendered":"Itaka rozpoczyna kampani\u0119 spo\u0142eczn\u0105 &#8222;Nie uciekaj&#8221;"},"content":{"rendered":"<p>Wed\u0142ug statystyk policyjnych, ka\u017cdego roku ucieka z domu oko\u0142o 5 000 nastolatk&oacute;w. Celem kampanii jest ograniczenie liczby ucieczek z domu, kt&oacute;re s\u0105 g\u0142&oacute;wn\u0105 przyczyn\u0105 zagini\u0119\u0107 w\u015br&oacute;d nieletnich. Dzia\u0142ania edukacyjne i promocyjne w ramach akcji potrwaj\u0105 przez ca\u0142e wakacje do po\u0142owy wrze\u015bnia.<\/p>\n<p>Primum PR wspiera kampani\u0119 poprzez relacje z mediami oraz organizacj\u0119 pikniku inauguruj\u0105cego projekt i konkursu fotograficznego dla nastolatk&oacute;w.<\/p>\n<p>Kampania rozpocznie si\u0119 21 maja piknikiem rodzinnym z okazji Mi\u0119dzynarodowego Dnia Dziecka Zaginionego w parku im. gen. Sowi\u0144skiego na Woli w Warszawie. W programie The Voices, Fasolki, pokazy graffiti, breakdance, beatboxu w wykonaniu Bladego Krisa, a wieczorem koncert Mariki i SpokoArmii.<\/p>\n<p>W ramach kampanii promowany jest telefon 116 000 w sprawie zaginionego nastolatka i dziecka. Jest to ca\u0142odobowy, bezp\u0142atny numer, pod kt&oacute;rym mo\u017cna zg\u0142osi\u0107 zagini\u0119cie osoby nieletniej. Linia jest kierowana zar&oacute;wno do rodzic&oacute;w, jak i nastolatk&oacute;w, kt&oacute;re uciek\u0142y z domu lub to planuj\u0105.<\/p>\n<p>Spot promuj\u0105cy numer 116 000, w kt&oacute;rym wyst\u0105pi\u0142a Lidia Popiel, pojawi si\u0119 latem w TVP 1, TVP 2, TVP Kultura oraz TVN. Spot zrealizowa\u0142a pro bono agencja Young &amp; Rubicam Brands. Plakaty z numerem telefonu 116 000 pojawi\u0105 si\u0119 w \u015brodkach komunikacji miejskiej o numerze 116 w Warszawie, Gda\u0144sku, Sosnowcu, Opolu, Lublinie oraz Rzeszowie. W Warszawie na dwa tygodnie lipca zawisn\u0105 bilbordy promuj\u0105ce numer 116 000.<\/p>\n<p>Akcja &#8222;Nie uciekaj!&#8221; b\u0119dzie obecna tak\u017ce w internecie. Fundacja przygotowa\u0142a now\u0105 ods\u0142on\u0119 serwisu internetowego www.nieuciekaj.pl, zawieraj\u0105cego dwie oddzielne strefy: dla rodzic&oacute;w i opiekun&oacute;w oraz nastolatk&oacute;w. Aby skuteczniej przeciwdzia\u0142a\u0107 ucieczkom nieletnich Itaka uruchomi\u0142a we wsp&oacute;\u0142pracy z portalem gazeta.pl forum eksperckie Ucieczki nastolatk&oacute;w, na kt&oacute;rym psycholodzy Itaki odpowiadaj\u0105 na pytania rodzic&oacute;w. Dzieci i nastolatki mog\u0105 uzyska\u0107 pomoc psychologa za po\u015brednictwem komunikatora.<\/p>\n<p>Aby skuteczniej trafi\u0107 z przekazem kampanii do m\u0142odych os&oacute;b,  program &#8222;Nie uciekaj!&#8221; b\u0119dzie obecny tak\u017ce podczas sierpniowego przystanku Woodstock. Do po\u0142owy wrze\u015bnia za\u015b potrwa  kierowany do nastolatk&oacute;w konkurs fotograficzny &#8222;Moja przestrze\u0144&#8221;.<\/p>\n<p>Honorowy patronat nad kampani\u0105 obj\u0119\u0142y Ministerstwo Spraw Wewn\u0119trznych i Administracji oraz Komenda G\u0142&oacute;wna Policji.<\/p>\n","protected":false},"excerpt":{"rendered":"Fundacja Itaka &#8211; Centrum Poszukiwa\u0144 Ludzi Zaginionych przy wsparciu Primum PR uruchamia kampani\u0119 edukacyjn\u0105 pod has\u0142em &#8222;Nie uciekaj&#8221;.","protected":false},"author":1,"featured_media":16104,"comment_status":"open","ping_status":"closed","sticky":false,"template":"","format":"standard","meta":{"csco_display_header_overlay":false,"csco_singular_sidebar":"","csco_page_header_type":"","csco_page_load_nextpost":"","csco_post_video_location":[],"csco_post_video_location_hash":"","csco_post_video_url":"","csco_post_video_bg_start_time":0,"csco_post_video_bg_end_time":0,"footnotes":""},"categories":[],"tags":[851,1359,334],"class_list":{"0":"post-16103","1":"post","2":"type-post","3":"status-publish","4":"format-standard","5":"has-post-thumbnail","7":"tag-itaka","8":"tag-primum-pr","9":"tag-young-rubicam","10":"cs-entry","11":"cs-video-wrap"},"_links":{"self":[{"href":"https:\/\/mediarun.com\/pl\/wp-json\/wp\/v2\/posts\/16103","targetHints":{"allow":["GET"]}}],"collection":[{"href":"https:\/\/mediarun.com\/pl\/wp-json\/wp\/v2\/posts"}],"about":[{"href":"https:\/\/mediarun.com\/pl\/wp-json\/wp\/v2\/types\/post"}],"author":[{"embeddable":true,"href":"https:\/\/mediarun.com\/pl\/wp-json\/wp\/v2\/users\/1"}],"replies":[{"embeddable":true,"href":"https:\/\/mediarun.com\/pl\/wp-json\/wp\/v2\/comments?post=16103"}],"version-history":[{"count":0,"href":"https:\/\/mediarun.com\/pl\/wp-json\/wp\/v2\/posts\/16103\/revisions"}],"wp:featuredmedia":[{"embeddable":true,"href":"https:\/\/mediarun.com\/pl\/wp-json\/wp\/v2\/media\/16104"}],"wp:attachment":[{"href":"https:\/\/mediarun.com\/pl\/wp-json\/wp\/v2\/media?parent=16103"}],"wp:term":[{"taxonomy":"category","embeddable":true,"href":"https:\/\/mediarun.com\/pl\/wp-json\/wp\/v2\/categories?post=16103"},{"taxonomy":"post_tag","embeddable":true,"href":"https:\/\/mediarun.com\/pl\/wp-json\/wp\/v2\/tags?post=16103"}],"curies":[{"name":"wp","href":"https:\/\/api.w.org\/{rel}","templated":true}]}}