{"id":160961,"date":"2015-10-17T21:47:48","date_gmt":"2015-10-17T19:47:48","guid":{"rendered":"https:\/\/mediarun.com\/pl\/?p=160961"},"modified":"2015-10-17T21:47:48","modified_gmt":"2015-10-17T19:47:48","slug":"male-firmy-nie-ufamy-prezydentowi","status":"publish","type":"post","link":"https:\/\/mediarun.com\/pl\/trendy\/raporty\/male-firmy-nie-ufamy-prezydentowi.html","title":{"rendered":"Ma\u0142e firmy: nie ufamy prezydentowi&#8230;"},"content":{"rendered":"<p>Firmy.net zaprezentowa\u0142 wnioski z pi\u0105tego badania polskich mikro- i ma\u0142ych firm w raporcie \u201eJak w Polsce prowadzi si\u0119 w\u0142asny biznes\u201d. Opr\u00f3cz badania dot. poziomu ich zaufania do polityk\u00f3w, zawiera on tak\u017ce m.in. ocen\u0119 minionego p\u00f3\u0142rocza przez przedsi\u0119biorc\u00f3w oraz prognozy na drug\u0105 po\u0142ow\u0119 2015 roku.<\/p>\n<p><strong>Brak zaufania przedsi\u0119biorc\u00f3w do nowo wybranego prezydenta<\/strong><br \/>\nW badaniu przedsi\u0119biorcy odpowiadali na pytanie, czy wyb\u00f3r nowej g\u0142owy pa\u0144stwa spotka\u0142 si\u0119 z ich aprobat\u0105 i czy ufaj\u0105 jego decyzjom zwi\u0105zanym z funkcjonowaniem polskiej gospodarki i ich wp\u0142ywu na prowadzenie w\u0142asnej firmy. Blisko po\u0142owa przedsi\u0119biorc\u00f3w (47,2 proc.) z sektora MM\u015aP zadeklarowa\u0142a brak zaufania do nowo wybranego prezydenta. Tylko niespe\u0142na co pi\u0105ty badany nie ma zastrze\u017ce\u0144 do decyzji nowej g\u0142owy pa\u0144stwa zwi\u0105zanych z warunkami prowadzenia biznesu (17,9 proc.).<\/p>\n<p><strong>Przysz\u0142e wybory parlamentarne oczami przedsi\u0119biorc\u00f3w<\/strong><br \/>\nSytuacja przedstawia si\u0119 podobnie, je\u015bli chodzi o ewentualne zmiany w sejmie, obejmuj\u0105ce wyb\u00f3r nowej partii rz\u0105dz\u0105cej w jesiennych wyborach parlamentarnych. Przedsi\u0119biorcy odpowiadali na pytanie, czy ewentualna zmiana w obozie w\u0142adzy wp\u0142ynie pozytywnie na warunki prowadzenia dzia\u0142alno\u015bci gospodarczej w Polsce oraz funkcjonowanie polskiej gospodarki. Negatywnego zdania by\u0142a ponad po\u0142owa respondent\u00f3w (52,7 proc.), w tym co pi\u0105ty by\u0142 zdecydowanie pewny swojej opinii (21,1 proc.), w stosunku do grupy zwolennik\u00f3w zmian (30,1 proc.).<\/p>\n<p>Warto jednak przypomnie\u0107, \u017ce i obecny rz\u0105d nie cieszy si\u0119 zaufaniem ze strony ma\u0142ych przedsi\u0119biorstw. W badaniu z grudnia 2014 roku ponad po\u0142owa z nich (53,1 proc.) zadeklarowa\u0142a brak zaufania do decyzji, jakie rz\u0105d podj\u0105\u0142 w sprawach zwi\u0105zanych z ich dzia\u0142alno\u015bci\u0105 w II po\u0142owie 2014 r. Tylko co dziesi\u0105ty przedsi\u0119biorca by\u0142 zadowolony z decyzji w\u0142adz rz\u0105dowych. Trudno\u015b\u0107 w ocenie dzia\u0142a\u0144 rz\u0105du mia\u0142o 37 proc. firm.<\/p>\n<p>&#8222;Budowanie konkurencyjno\u015bci przedsi\u0119biorstw jest procesem z\u0142o\u017conym. Uczestnikami tego procesu s\u0105 nie tylko przedsi\u0119biorstwa, lecz r\u00f3wnie\u017c ich otoczenie, w tym tak\u017ce instytucje pa\u0144stwa. Pa\u0144stwo swoimi decyzjami mo\u017ce zlikwidowa\u0107 lub ograniczy\u0107 wiele barier utrudniaj\u0105cych ma\u0142ym firmom funkcjonowanie na rynku, w tym przede wszystkim du\u017ce obci\u0105\u017cenia finansowe zwi\u0105zane z ZUS i podatkami. Niestety do tej pory \u017cadnej pomocy ze strony Pa\u0144stwa mali przedsi\u0119biorcy nie zauwa\u017cyli, pomimo wielu wcze\u015bniejszych obietnic. Dlatego teraz nie wierz\u0105 w to, co m\u00f3wi\u0105 politycy w kampanii wyborczej. Przedsi\u0119biorcy nie ufaj\u0105 partii rz\u0105dz\u0105cej, niczego dobrego nie spodziewaj\u0105 si\u0119 te\u017c po g\u0142\u00f3wnej partii opozycyjnej i prezydencie. Ten brak zaufania mog\u0105 zmieni\u0107 tylko konkretne dzia\u0142ania, nie s\u0142owa&#8221; &#8211; komentuje Micha\u0142 Kurczycki z portalu Firmy.net.<\/p>\n","protected":false},"excerpt":{"rendered":"Blisko po\u0142owa ma\u0142ych i mikroprzedsi\u0119biorstw nie ma zaufania do decyzji prezydenta Andrzeja Dudy. R\u00f3wnie sceptycznie przedsi\u0119biorcy podchodz\u0105 do ewentualnej zmiany partii rz\u0105dz\u0105cej w jesiennych wyborach parlamentarnych &#8211; nie wierz\u0105 w popraw\u0119 swojej sytuacji, ale jednocze\u015bnie r\u00f3wnie krytycznie oceniaj\u0105 obecny rz\u0105d. To wnioski z badania Instytutu Bada\u0144 i Analiz OSB oraz portalu Firmy.net.","protected":false},"author":6,"featured_media":152139,"comment_status":"open","ping_status":"closed","sticky":false,"template":"","format":"standard","meta":{"csco_display_header_overlay":false,"csco_singular_sidebar":"","csco_page_header_type":"","csco_page_load_nextpost":"","csco_post_video_location":[],"csco_post_video_location_hash":"","csco_post_video_url":"","csco_post_video_bg_start_time":0,"csco_post_video_bg_end_time":0,"footnotes":""},"categories":[4702],"tags":[6748,8016,4831,8017],"class_list":{"0":"post-160961","1":"post","2":"type-post","3":"status-publish","4":"format-standard","5":"has-post-thumbnail","7":"category-raporty","8":"tag-andrzej-duda","9":"tag-firmy-net","10":"tag-raporty","11":"tag-wybory-2015","12":"cs-entry","13":"cs-video-wrap"},"_links":{"self":[{"href":"https:\/\/mediarun.com\/pl\/wp-json\/wp\/v2\/posts\/160961","targetHints":{"allow":["GET"]}}],"collection":[{"href":"https:\/\/mediarun.com\/pl\/wp-json\/wp\/v2\/posts"}],"about":[{"href":"https:\/\/mediarun.com\/pl\/wp-json\/wp\/v2\/types\/post"}],"author":[{"embeddable":true,"href":"https:\/\/mediarun.com\/pl\/wp-json\/wp\/v2\/users\/6"}],"replies":[{"embeddable":true,"href":"https:\/\/mediarun.com\/pl\/wp-json\/wp\/v2\/comments?post=160961"}],"version-history":[{"count":0,"href":"https:\/\/mediarun.com\/pl\/wp-json\/wp\/v2\/posts\/160961\/revisions"}],"wp:featuredmedia":[{"embeddable":true,"href":"https:\/\/mediarun.com\/pl\/wp-json\/wp\/v2\/media\/152139"}],"wp:attachment":[{"href":"https:\/\/mediarun.com\/pl\/wp-json\/wp\/v2\/media?parent=160961"}],"wp:term":[{"taxonomy":"category","embeddable":true,"href":"https:\/\/mediarun.com\/pl\/wp-json\/wp\/v2\/categories?post=160961"},{"taxonomy":"post_tag","embeddable":true,"href":"https:\/\/mediarun.com\/pl\/wp-json\/wp\/v2\/tags?post=160961"}],"curies":[{"name":"wp","href":"https:\/\/api.w.org\/{rel}","templated":true}]}}