{"id":160795,"date":"2015-10-12T17:53:30","date_gmt":"2015-10-12T15:53:30","guid":{"rendered":"https:\/\/mediarun.com\/pl\/?p=160795"},"modified":"2015-10-12T17:53:30","modified_gmt":"2015-10-12T15:53:30","slug":"awanse-w-media-impact-polska","status":"publish","type":"post","link":"https:\/\/mediarun.com\/pl\/ludzie\/awanse\/awanse-w-media-impact-polska.html","title":{"rendered":"Awanse w Media Impact Polska"},"content":{"rendered":"<p>Media Impact wzmacnia kompetencje strategiczno-projektowe. Rados\u0142aw Wierzbi\u0144ski jako Head of Strategy &#038; Sales Quality razem z zespo\u0142em b\u0119dzie odpowiedzialny za tworzenie strategii i analiz dla kluczowych klient\u00f3w, szkolenia i warsztaty, jak i dbanie o jako\u015b\u0107 ofert do klient\u00f3w. Wierzbi\u0144ski pracowa\u0142 w Media Impact jako strateg od 2014 roku. Wcze\u015bniej do\u015bwiadczenie w zakresie strategii i komunikacji zdobywa\u0142 w Grupie Onet, jak i MRM Worldwide, gdzie by\u0142 researcherem i nast\u0119pnie strategic plannerem. Pracowa\u0142 dla takich marek jak L\u2019Oreal, Wedel, Mastercard czy Biedronka wykorzystuj\u0105c wiedz\u0119 zdobyt\u0105 m.in. w Chartered Institute of Marketing i Szkole Strategii Marki SAR. <\/p>\n<p>Do zada\u0144 powierzonych Ewie Schreiber nale\u017ce\u0107 b\u0119dzie z kolei przygotowanie ofert i koordynacja\u00a0 projekt\u00f3w wieloobszarowych i wielomediowych, pocz\u0105wszy od przygotowania za\u0142o\u017ce\u0144 i mediaplanu, po ich implementacj\u0119 oraz nadz\u00f3r nad przebiegiem projektu. Ewa Schreiber wcze\u015bniej w Media Impact pracowa\u0142a jako Strategic Project Manager i Crossmedia Strategy Manager. Do\u015bwiadczenie zdobywa\u0142a tak\u017ce w Ringier Axel Springer Polska i Grupie RMF, gdzie realizowa\u0142a oferty crossmediowe \u0142\u0105cz\u0105ce pras\u0119, online i radio. <\/p>\n<p>Oba dzia\u0142y wchodz\u0105 w sk\u0142ad Dzia\u0142u Projekt\u00f3w, na czele kt\u00f3rego stoi Magdalena Milewska. <\/p>\n<p>Ka\u017cdego roku realizujemy kilkaset projekt\u00f3w wieloobszarowych lub wielomediowych. Nowa struktura wynika z potrzeby stworzenia jednego miejsca zarz\u0105dzania wszystkimi zapytaniami na projekty niestandardowe. Wierzymy, \u017ce centralizacja kompetencji \u0142\u0105cz\u0105cych wiedz\u0119 o mediach, produktach i narz\u0119dziach pozwoli na prawdziw\u0105 synergi\u0119, lepsze wykorzystanie dzia\u0142a\u0144 natywnych czy video, a w konsekwencji\u00a0 najwy\u017csz\u0105 jako\u015b\u0107 obs\u0142ugi\u00a0 dla Klienta &#8211; m\u00f3wi Magdalena Milewska, Project Director w Media Impact. <\/p>\n","protected":false},"excerpt":{"rendered":"Rados\u0142aw Wierzbi\u0144ski pokieruje Dzia\u0142em Strategii i Jako\u015bci, a Ewa Schreiber Dzia\u0142em Ofert i Zarz\u0105dzania Projektami.","protected":false},"author":6,"featured_media":160796,"comment_status":"open","ping_status":"closed","sticky":false,"template":"","format":"standard","meta":{"csco_display_header_overlay":false,"csco_singular_sidebar":"","csco_page_header_type":"","csco_page_load_nextpost":"","csco_post_video_location":[],"csco_post_video_location_hash":"","csco_post_video_url":"","csco_post_video_bg_start_time":0,"csco_post_video_bg_end_time":0,"footnotes":""},"categories":[9678],"tags":[7976,252,7975],"class_list":{"0":"post-160795","1":"post","2":"type-post","3":"status-publish","4":"format-standard","5":"has-post-thumbnail","7":"category-awanse","8":"tag-ewa-schreiber","9":"tag-media-impact-polska","10":"tag-radoslaw-wierzbinski","11":"cs-entry","12":"cs-video-wrap"},"_links":{"self":[{"href":"https:\/\/mediarun.com\/pl\/wp-json\/wp\/v2\/posts\/160795","targetHints":{"allow":["GET"]}}],"collection":[{"href":"https:\/\/mediarun.com\/pl\/wp-json\/wp\/v2\/posts"}],"about":[{"href":"https:\/\/mediarun.com\/pl\/wp-json\/wp\/v2\/types\/post"}],"author":[{"embeddable":true,"href":"https:\/\/mediarun.com\/pl\/wp-json\/wp\/v2\/users\/6"}],"replies":[{"embeddable":true,"href":"https:\/\/mediarun.com\/pl\/wp-json\/wp\/v2\/comments?post=160795"}],"version-history":[{"count":0,"href":"https:\/\/mediarun.com\/pl\/wp-json\/wp\/v2\/posts\/160795\/revisions"}],"wp:featuredmedia":[{"embeddable":true,"href":"https:\/\/mediarun.com\/pl\/wp-json\/wp\/v2\/media\/160796"}],"wp:attachment":[{"href":"https:\/\/mediarun.com\/pl\/wp-json\/wp\/v2\/media?parent=160795"}],"wp:term":[{"taxonomy":"category","embeddable":true,"href":"https:\/\/mediarun.com\/pl\/wp-json\/wp\/v2\/categories?post=160795"},{"taxonomy":"post_tag","embeddable":true,"href":"https:\/\/mediarun.com\/pl\/wp-json\/wp\/v2\/tags?post=160795"}],"curies":[{"name":"wp","href":"https:\/\/api.w.org\/{rel}","templated":true}]}}