{"id":160743,"date":"2015-10-10T20:32:05","date_gmt":"2015-10-10T18:32:05","guid":{"rendered":"https:\/\/mediarun.com\/pl\/?p=160743"},"modified":"2015-10-10T20:32:05","modified_gmt":"2015-10-10T18:32:05","slug":"nowy-dyrektor-zarzadzajacy-mslgroup","status":"publish","type":"post","link":"https:\/\/mediarun.com\/pl\/ludzie\/awanse\/nowy-dyrektor-zarzadzajacy-mslgroup.html","title":{"rendered":"Nowy Dyrektor Zarz\u0105dzaj\u0105cy MSLGROUP"},"content":{"rendered":"<p>Sebastian St\u0119pak obj\u0105\u0142 stanowisko Dyrektora Zarz\u0105dzaj\u0105cego MSLGROUP. Do jego obowi\u0105zk\u00f3w nale\u017ce\u0107 b\u0119dzie kierowanie firm\u0105 w Polsce oraz dalszy rozw\u00f3j i poszerzanie kompetencji w obszarze komunikacji marketingowej.<\/p>\n<p>Z bran\u017c\u0105 PR zwi\u0105zany jest od ponad 15 lat. Od 2014 roku zarz\u0105dza MSLWARSAW, jedn\u0105 ze sp\u00f3\u0142ek z portfolio firm Grupy Publicis w Polsce. Posiada bogate do\u015bwiadczenie w kierowaniu du\u017cymi zespo\u0142ami i skomplikowanymi projektami. Pracowa\u0142 dla najwi\u0119kszych marek, zar\u00f3wno w Polsce, jak i na \u015bwiecie. By\u0142 jedynym polskim jurorem w kategorii PR na Festiwalu w Cannes; zasiada\u0142 tak\u017ce w kapitule Sabre Awards.<\/p>\n<p>Zofia Bugajna obejmie stanowisko Business Development Director, CEE i b\u0119dzie odpowiedzialna za rozw\u00f3j biznesu na poziomie regionu Europy \u015arodkowo-Wschodniej. <\/p>\n<p>Posiada ponad 10 lat do\u015bwiadczenia w marketingu konsumenckim i zarz\u0105dzaniu mark\u0105, a prowadzone przez ni\u0105 projekty by\u0142y wielokrotnie nagradzane i nominowane do polskich i mi\u0119dzynarodowych nagr\u00f3d. Z MSLGROUP zwi\u0105zana od 2010 roku, gdzie odpowiada\u0142a za pozyskiwanie i wsp\u00f3\u0142prac\u0119 z klientami z rynku konsumenckiego.  <\/p>\n<p>&#8211; Wsp\u00f3\u0142pracuj\u0119 z Sebastianem od wielu lat i jestem przekonany, \u017ce jego wiedza i do\u015bwiadczenie otworz\u0105 przed nami nowe mo\u017cliwo\u015bci. Zofia z kolei ma wielki talent do przekonywania klient\u00f3w jak wa\u017cna jest reputacja i wierz\u0119, \u017ce b\u0119dziemy mogli wykorzysta\u0107 ten potencja\u0142 w jej nowej, mi\u0119dzynarodowej roli. Serdecznie obojgu gratuluj\u0119 \u2013 powiedzia\u0142 Sebastian Hejnowski, prezes MSLGROUP. <\/p>\n","protected":false},"excerpt":{"rendered":"Sebastian St\u0119pak obj\u0105\u0142 stanowisko Dyrektora Zarz\u0105dzaj\u0105cego MSLGROUP. Zast\u0105pi\u0142 tym samym Zofi\u0119 Bugajn\u0105, kt\u00f3ra zajmie si\u0119 rozwojem biznesu w Europie \u015arodkowo \u2013 Wschodniej.","protected":false},"author":6,"featured_media":160744,"comment_status":"open","ping_status":"closed","sticky":false,"template":"","format":"standard","meta":{"csco_display_header_overlay":false,"csco_singular_sidebar":"","csco_page_header_type":"","csco_page_load_nextpost":"","csco_post_video_location":[],"csco_post_video_location_hash":"","csco_post_video_url":"","csco_post_video_bg_start_time":0,"csco_post_video_bg_end_time":0,"footnotes":""},"categories":[9678],"tags":[3621,6208,7964],"class_list":{"0":"post-160743","1":"post","2":"type-post","3":"status-publish","4":"format-standard","5":"has-post-thumbnail","7":"category-awanse","8":"tag-awans","9":"tag-mslgroup","10":"tag-sebastian-stepak","11":"cs-entry","12":"cs-video-wrap"},"_links":{"self":[{"href":"https:\/\/mediarun.com\/pl\/wp-json\/wp\/v2\/posts\/160743","targetHints":{"allow":["GET"]}}],"collection":[{"href":"https:\/\/mediarun.com\/pl\/wp-json\/wp\/v2\/posts"}],"about":[{"href":"https:\/\/mediarun.com\/pl\/wp-json\/wp\/v2\/types\/post"}],"author":[{"embeddable":true,"href":"https:\/\/mediarun.com\/pl\/wp-json\/wp\/v2\/users\/6"}],"replies":[{"embeddable":true,"href":"https:\/\/mediarun.com\/pl\/wp-json\/wp\/v2\/comments?post=160743"}],"version-history":[{"count":0,"href":"https:\/\/mediarun.com\/pl\/wp-json\/wp\/v2\/posts\/160743\/revisions"}],"wp:featuredmedia":[{"embeddable":true,"href":"https:\/\/mediarun.com\/pl\/wp-json\/wp\/v2\/media\/160744"}],"wp:attachment":[{"href":"https:\/\/mediarun.com\/pl\/wp-json\/wp\/v2\/media?parent=160743"}],"wp:term":[{"taxonomy":"category","embeddable":true,"href":"https:\/\/mediarun.com\/pl\/wp-json\/wp\/v2\/categories?post=160743"},{"taxonomy":"post_tag","embeddable":true,"href":"https:\/\/mediarun.com\/pl\/wp-json\/wp\/v2\/tags?post=160743"}],"curies":[{"name":"wp","href":"https:\/\/api.w.org\/{rel}","templated":true}]}}