{"id":160511,"date":"2015-10-05T18:40:24","date_gmt":"2015-10-05T16:40:24","guid":{"rendered":"https:\/\/mediarun.com\/pl\/?p=160511"},"modified":"2015-10-05T18:40:24","modified_gmt":"2015-10-05T16:40:24","slug":"miss-polski-w-roli-prezenterki-jak-sie-sprawdzi","status":"publish","type":"post","link":"https:\/\/mediarun.com\/pl\/ludzie\/kariera\/miss-polski-w-roli-prezenterki-jak-sie-sprawdzi.html","title":{"rendered":"Miss Polski w roli prezenterki. Jak si\u0119 sprawdzi?"},"content":{"rendered":"<p>Ju\u017c niebawem zobaczymy Marcelin\u0119 w roli prowadz\u0105cej porannego programu \u015bniadaniowego &#8222;Pytanie na \u015bniadanie&#8221;. Towarzyszy\u0107 jej b\u0119dzie\u00a0Tomasz Wolny. Jego dotychczasowa partnerka Monika Zamachowska b\u0119dzie prowadzi\u0107 magazyn z \u0141ukaszem Nowickim. Iwona Radziszewska\u00a0\u2013 decyzj\u0105 kierownictwa TVP 2 \u2013\u00a0znika z programu.<\/p>\n<p>W sierpniu tego roku by\u0142a miss mia\u0142a ju\u017c sw\u00f3j debiut w antenowej dw\u00f3jce.\u00a0Prowadzi\u0142a w\u00f3wczas w\u0142asny\u00a0cykl \u201e\u0141owcy pasji\u201d a tak\u017ce niejednokrotnie wyst\u0119powa\u0142a na \u017cywo. Bra\u0142a te\u017c udzia\u0142 w programie &#8222;Przygarnij mnie&#8221;.<\/p>\n<p>\u2013 <em>Zosta\u0142a bardzo dobrze przyj\u0119ta przez widz\u00f3w, dostali\u015bmy wiele maili od os\u00f3b, kt\u00f3re chwali\u0142y jej wyst\u0119p. Marcelina najlepiej wypad\u0142a te\u017c podczas pr\u00f3b kamerowych, dlatego do\u0142\u0105czy do programu na sta\u0142e<\/em> \u2013 powiedzia\u0142a serwisowi wirtualnemedia.pl\u00a0osoba z TVP.<\/p>\n<p><a href=\"https:\/\/mediarun.com\/wp-content\/uploads\/2015\/10\/zawadka-mediarunc-om.jpg\"><img fetchpriority=\"high\" decoding=\"async\" class=\"alignnone size-full wp-image-160512\" src=\"https:\/\/mediarun.com\/wp-content\/uploads\/2015\/10\/zawadka-mediarunc-om.jpg\" alt=\"zawadka-mediarunc-om\" width=\"500\" height=\"616\" title=\"\"><\/a><\/p>\n","protected":false},"excerpt":{"rendered":"&#8222;Pi\u0119\u0107 minut&#8221; Marceliny Zawadzkiej trwa ju\u017c&#8230; 4 lata. Odk\u0105d w 2011 roku zdoby\u0142a tytu\u0142 Miss Polonii,\u00a0doskonale radzi si\u0119 w \u015bwiecie \u00a0show-biznesu i wszystko wskazuje na to, \u017ce ma przed sob\u0105 d\u0142ug\u0105 karier\u0119 telewizyjn\u0105!","protected":false},"author":11,"featured_media":160513,"comment_status":"open","ping_status":"closed","sticky":false,"template":"","format":"standard","meta":{"csco_display_header_overlay":false,"csco_singular_sidebar":"","csco_page_header_type":"","csco_page_load_nextpost":"","csco_post_video_location":[],"csco_post_video_location_hash":"","csco_post_video_url":"","csco_post_video_bg_start_time":0,"csco_post_video_bg_end_time":0,"footnotes":""},"categories":[5909,9670],"tags":[7910,7908,7907,7911,7909],"class_list":{"0":"post-160511","1":"post","2":"type-post","3":"status-publish","4":"format-standard","5":"has-post-thumbnail","7":"category-kariera","8":"category-tv","9":"tag-marcelina-zawadzka","10":"tag-pns","11":"tag-pytanie-na-sniadanie","12":"tag-tomasz-wolny","13":"tag-zawadzka","14":"cs-entry","15":"cs-video-wrap"},"_links":{"self":[{"href":"https:\/\/mediarun.com\/pl\/wp-json\/wp\/v2\/posts\/160511","targetHints":{"allow":["GET"]}}],"collection":[{"href":"https:\/\/mediarun.com\/pl\/wp-json\/wp\/v2\/posts"}],"about":[{"href":"https:\/\/mediarun.com\/pl\/wp-json\/wp\/v2\/types\/post"}],"author":[{"embeddable":true,"href":"https:\/\/mediarun.com\/pl\/wp-json\/wp\/v2\/users\/11"}],"replies":[{"embeddable":true,"href":"https:\/\/mediarun.com\/pl\/wp-json\/wp\/v2\/comments?post=160511"}],"version-history":[{"count":0,"href":"https:\/\/mediarun.com\/pl\/wp-json\/wp\/v2\/posts\/160511\/revisions"}],"wp:featuredmedia":[{"embeddable":true,"href":"https:\/\/mediarun.com\/pl\/wp-json\/wp\/v2\/media\/160513"}],"wp:attachment":[{"href":"https:\/\/mediarun.com\/pl\/wp-json\/wp\/v2\/media?parent=160511"}],"wp:term":[{"taxonomy":"category","embeddable":true,"href":"https:\/\/mediarun.com\/pl\/wp-json\/wp\/v2\/categories?post=160511"},{"taxonomy":"post_tag","embeddable":true,"href":"https:\/\/mediarun.com\/pl\/wp-json\/wp\/v2\/tags?post=160511"}],"curies":[{"name":"wp","href":"https:\/\/api.w.org\/{rel}","templated":true}]}}