{"id":160483,"date":"2015-10-05T16:40:53","date_gmt":"2015-10-05T14:40:53","guid":{"rendered":"https:\/\/mediarun.com\/pl\/?p=160483"},"modified":"2015-10-05T16:40:53","modified_gmt":"2015-10-05T14:40:53","slug":"dziennikarz-dyrektorem-biura-komunikacji-w-ergo-hestia","status":"publish","type":"post","link":"https:\/\/mediarun.com\/pl\/marketing\/dziennikarz-dyrektorem-biura-komunikacji-w-ergo-hestia.html","title":{"rendered":"Dziennikarz dyrektorem biura komunikacji w Ergo Hestia"},"content":{"rendered":"<p>Jak podaj\u0105\u00a0<a href=\"http:\/\/wirtualnemedia.pl\" target=\"_blank\" rel=\"noopener\">wirtualnemedia.pl<\/a>\u00a0wnowy dyrektor\u00a0Grupy Ergo Hestia Miko\u0142aj Kunica ma za zadnie kierowa\u0107 zespo\u0142em odpowiedzialnym za realizacj\u0119 nowej strategii w polityki informacyjnej firmy. &#8211; <em>By w\u0142a\u015bciwie wykorzysta\u0107 zbudowany przez lata potencja\u0142, chcemy by\u0107 bli\u017cej tych, kt\u00f3rzy ju\u017c nam zaufali oraz szerzej otworzy\u0107 drzwi, zapraszaj\u0105c do wsp\u00f3\u0142pracy nowych klient\u00f3w i partner\u00f3w biznesowych. Zamierzamy osi\u0105gn\u0105\u0107 ten cel mi\u0119dzy innymi poprzez wzmocnienie naszej komunikacji wewn\u0105trz i na zewn\u0105trz firmy <\/em>&#8211; m\u00f3wi Ma\u0142gorzata Makulska, wiceprezes zarz\u0105du Grupy Ergo Hestia.<\/p>\n<p>To w\u0142a\u015bnie\u00a0Ma\u0142gorzata Makulska przez ostatni czas pe\u0142ni\u0142a obowi\u0105zki dyrektora biura komunikacji sp\u00f3\u0142ki. Wcze\u015bniej to stanowisko zajmowa\u0142 Maciej Ku\u017amicz, kt\u00f3ry obecnie jest w firmie dyrektorem ds. strategii informacyjnej.<\/p>\n<p>Miko\u0142aj Kunica, absolwent Uniwersytetu Warszawskiego oraz Szko\u0142y Wy\u017cszej Psychologii Spo\u0142ecznej w Warszawie, w kt\u00f3rej uko\u0144czy\u0142 studia podyplomowe z zakresu zarz\u0105dzania biznesem mediowym, idealnie spe\u0142nia warunki zatrudnienia. Warto doda\u0107, \u017ce poprzednio przez nieca\u0142e dwa lata by\u0142 dyrektorem ds. komunikacji i PR w sp\u00f3\u0142ce Polskie Inwestycje Rozwojowe. Przedtem przez ponad 10 lat by\u0142 zwi\u0105zany z mediami. W latach 2007-2013 by\u0142 szefem zespo\u0142u reporter\u00f3w i prowadzi\u0142 codzienny program \u201eDzie\u0144 na rynkach\u201d w TVN CNBC. Wcze\u015bniej by\u0142 reporterem \u201eWiadomo\u015bci\u201d TVP1 i \u201eFakt\u00f3w\u201d TVN, pracowa\u0142 te\u017c w telewizji RTL 7 i polskiej sekcji Radia BBC.<\/p>\n<p>&nbsp;<\/p>\n<div><\/div>\n","protected":false},"excerpt":{"rendered":"Miko\u0142aj Kunica, by\u0142y dziennikarzem TVN CNBC, \u201eWiadomo\u015bci\u201d TVP1 i \u201eFakt\u00f3w\u201d TVN, a tak\u017ce pracownik sp\u00f3\u0142ki Polskie Inwestycje Rozwoje, ma na swoim koncie wysoki awans. Na pocz\u0105tku pa\u017adziernika obj\u0105\u0142 funkcj\u0119 dyrektora biura komunikacji w Grupie Ergo Hestia.\u00a0","protected":false},"author":11,"featured_media":160484,"comment_status":"open","ping_status":"closed","sticky":false,"template":"","format":"standard","meta":{"csco_display_header_overlay":false,"csco_singular_sidebar":"","csco_page_header_type":"","csco_page_load_nextpost":"","csco_post_video_location":[],"csco_post_video_location_hash":"","csco_post_video_url":"","csco_post_video_bg_start_time":0,"csco_post_video_bg_end_time":0,"footnotes":""},"categories":[9639],"tags":[1856,7901,7718],"class_list":{"0":"post-160483","1":"post","2":"type-post","3":"status-publish","4":"format-standard","5":"has-post-thumbnail","7":"category-marketing","8":"tag-ergo-hestia","9":"tag-mikolaj-kunica","10":"tag-wirtualnemedia","11":"cs-entry","12":"cs-video-wrap"},"_links":{"self":[{"href":"https:\/\/mediarun.com\/pl\/wp-json\/wp\/v2\/posts\/160483","targetHints":{"allow":["GET"]}}],"collection":[{"href":"https:\/\/mediarun.com\/pl\/wp-json\/wp\/v2\/posts"}],"about":[{"href":"https:\/\/mediarun.com\/pl\/wp-json\/wp\/v2\/types\/post"}],"author":[{"embeddable":true,"href":"https:\/\/mediarun.com\/pl\/wp-json\/wp\/v2\/users\/11"}],"replies":[{"embeddable":true,"href":"https:\/\/mediarun.com\/pl\/wp-json\/wp\/v2\/comments?post=160483"}],"version-history":[{"count":0,"href":"https:\/\/mediarun.com\/pl\/wp-json\/wp\/v2\/posts\/160483\/revisions"}],"wp:featuredmedia":[{"embeddable":true,"href":"https:\/\/mediarun.com\/pl\/wp-json\/wp\/v2\/media\/160484"}],"wp:attachment":[{"href":"https:\/\/mediarun.com\/pl\/wp-json\/wp\/v2\/media?parent=160483"}],"wp:term":[{"taxonomy":"category","embeddable":true,"href":"https:\/\/mediarun.com\/pl\/wp-json\/wp\/v2\/categories?post=160483"},{"taxonomy":"post_tag","embeddable":true,"href":"https:\/\/mediarun.com\/pl\/wp-json\/wp\/v2\/tags?post=160483"}],"curies":[{"name":"wp","href":"https:\/\/api.w.org\/{rel}","templated":true}]}}