{"id":160379,"date":"2015-10-01T16:41:03","date_gmt":"2015-10-01T14:41:03","guid":{"rendered":"https:\/\/mediarun.com\/pl\/?p=160379"},"modified":"2015-10-01T16:41:03","modified_gmt":"2015-10-01T14:41:03","slug":"koniec-gwiazdorskich-kontraktow-w-tvp-krasko-tadla-i-lis-zarobia-mniej","status":"publish","type":"post","link":"https:\/\/mediarun.com\/pl\/media\/tv\/koniec-gwiazdorskich-kontraktow-w-tvp-krasko-tadla-i-lis-zarobia-mniej.html","title":{"rendered":"Koniec gwiazdorskich kontrakt\u00f3w w TVP. Kra\u015bko, Tadla i Lis zarobi\u0105 mniej?"},"content":{"rendered":"<p>Jak si\u0119 okaza\u0142o,\u00a0W\u0142adze Telewizji Polskiej przychylnie odnios\u0142y si\u0119 do\u00a0apelu Piotra Szumlewicza, aby zgodnie z rekomendacjami Najwy\u017cszej Izby Kontroli zlikwidowa\u0107 wszystkie kontrakty gwiazdorskie w TVP.<\/p>\n<p>Autor zaznaczy\u0142 w li\u015bcie, \u017ce: &#8222;w tym samym czasie w\u0142adze telewizji wydaj\u0105 setki tysi\u0119cy z\u0142otych na nielicznych celebryt\u00f3w, co jest post\u0119powaniem nieetycznym i b\u0119d\u0105cym przejawem niegospodarno\u015bci. Bulwersuj\u0105ce s\u0105 informacje o gigantycznych wynagrodzeniach dla prowadz\u0105cych programy informacyjne i publicystyczne takich jak Beata Tadla, Hanna Lis, Tomasz Lis, Piotr Kra\u015bko czy Krzysztof Ziemiec.&#8221;<\/p>\n<p>Powo\u0142ywa\u0142 si\u0119 na s\u0142owa Najwy\u017cszej Izby Kontroli, kt\u00f3ra w 2012 r. odnios\u0142a si\u0119 do TVP w ten spos\u00f3b: &#8222;Zawieranie drogich d\u0142ugoterminowych kontrakt\u00f3w gwiazdorskich nie znajduje uzasadnienia, zwa\u017cywszy na trudn\u0105 sytuacj\u0119 finansow\u0105 sp\u00f3\u0142ki.&#8221; Szumlewicz podkre\u015bli\u0142, \u017ce z\u00a0doniesie\u0144 medialnych wynika, i\u017c ka\u017cdy z tych dziennikarzy co miesi\u0105c otrzymuje wynagrodzenie liczone w dziesi\u0105tkach tysi\u0119cy z\u0142otych. &#8222;Trudno zrozumie\u0107, dlaczego za kilkuminutowe czytanie z promptera telewizja wyp\u0142aca tak wysokie honoraria&#8221; &#8211; pisa\u0142 w li\u015bcie.<\/p>\n<p><strong>Co dalej?<\/strong><\/p>\n<p>Jak informuje\u00a0Szumlewicz, w\u0142adze Telewizji Polskiej przychylnie odnios\u0142y si\u0119 do apelu przedstawiciela OPZZ, aby zgodnie z rekomendacjami Najwy\u017cszej Izby Kontroli zlikwidowa\u0107 wszystkie kontrakty gwiazdorskie w TVP.<\/p>\n<p>&#8211; Oznacza to, \u017ce Piotr Kra\u015bko, Krzysztof Ziemiec czy Tomasz Lis nie b\u0119d\u0105 mie\u0107 odnowionych kontrakt\u00f3w i nowe umowy z nimi b\u0119d\u0105 opiewa\u0107 na znacznie ni\u017csze stawki ni\u017c obecnie. Telewizja zapowiedzia\u0142a te\u017c ograniczenie produkcji zewn\u0119trznej. Warto pami\u0119ta\u0107, \u017ce kosztuje ona telewizj\u0119 miliony z\u0142otych i dotyczy np. programu Tomasza Lisa &#8211; podkre\u015bli\u0142.<\/p>\n","protected":false},"excerpt":{"rendered":"Piotr Szumlewicz, doradca OPZZ w po\u0142owie wrze\u015bnia wystosowa\u0142 list otwarty do prezesa TVP, Janusza Daszczy\u0144skiego, w kt\u00f3rym zasugerowa\u0142\u00a0zniesienie kontrakt\u00f3w gwiazdorskich. Powo\u0142a\u0142 si\u0119 na fakt, i\u017c od wielu miesi\u0119cy Telewizja Polska zwalnia coraz wi\u0119cej ludzi, argumentuj\u0105c,\u00a0i\u017c jest to konieczne, gdy\u017c TVP potrzebuje oszcz\u0119dno\u015bci.","protected":false},"author":11,"featured_media":154947,"comment_status":"open","ping_status":"closed","sticky":false,"template":"","format":"standard","meta":{"csco_display_header_overlay":false,"csco_singular_sidebar":"","csco_page_header_type":"","csco_page_load_nextpost":"","csco_post_video_location":[],"csco_post_video_location_hash":"","csco_post_video_url":"","csco_post_video_bg_start_time":0,"csco_post_video_bg_end_time":0,"footnotes":""},"categories":[9670],"tags":[7877,7880,7878,7879,7875,7876,1193,392],"class_list":{"0":"post-160379","1":"post","2":"type-post","3":"status-publish","4":"format-standard","5":"has-post-thumbnail","7":"category-tv","8":"tag-beata-tadla","9":"tag-dziennikarstwo-telewizyjne","10":"tag-krzysztof-ziemiec","11":"tag-piotr-krasko","12":"tag-puls-hr","13":"tag-szumlewicz","14":"tag-tomasz-lis","15":"tag-tvp","16":"cs-entry","17":"cs-video-wrap"},"_links":{"self":[{"href":"https:\/\/mediarun.com\/pl\/wp-json\/wp\/v2\/posts\/160379","targetHints":{"allow":["GET"]}}],"collection":[{"href":"https:\/\/mediarun.com\/pl\/wp-json\/wp\/v2\/posts"}],"about":[{"href":"https:\/\/mediarun.com\/pl\/wp-json\/wp\/v2\/types\/post"}],"author":[{"embeddable":true,"href":"https:\/\/mediarun.com\/pl\/wp-json\/wp\/v2\/users\/11"}],"replies":[{"embeddable":true,"href":"https:\/\/mediarun.com\/pl\/wp-json\/wp\/v2\/comments?post=160379"}],"version-history":[{"count":0,"href":"https:\/\/mediarun.com\/pl\/wp-json\/wp\/v2\/posts\/160379\/revisions"}],"wp:featuredmedia":[{"embeddable":true,"href":"https:\/\/mediarun.com\/pl\/wp-json\/wp\/v2\/media\/154947"}],"wp:attachment":[{"href":"https:\/\/mediarun.com\/pl\/wp-json\/wp\/v2\/media?parent=160379"}],"wp:term":[{"taxonomy":"category","embeddable":true,"href":"https:\/\/mediarun.com\/pl\/wp-json\/wp\/v2\/categories?post=160379"},{"taxonomy":"post_tag","embeddable":true,"href":"https:\/\/mediarun.com\/pl\/wp-json\/wp\/v2\/tags?post=160379"}],"curies":[{"name":"wp","href":"https:\/\/api.w.org\/{rel}","templated":true}]}}