{"id":159141,"date":"2015-09-07T21:43:35","date_gmt":"2015-09-07T19:43:35","guid":{"rendered":"https:\/\/mediarun.com\/pl\/?p=159141"},"modified":"2015-09-07T21:43:35","modified_gmt":"2015-09-07T19:43:35","slug":"zmiana-na-stanowisku-creative-directora-w-havas","status":"publish","type":"post","link":"https:\/\/mediarun.com\/pl\/ludzie\/awanse\/zmiana-na-stanowisku-creative-directora-w-havas.html","title":{"rendered":"Zmiana na stanowisku creative directora w Havas"},"content":{"rendered":"<p>Z Havas Worldwide Warsaw Zielecki jest zwi\u0105zany od sierpnia 2014 roku kiedy do\u0142\u0105czy\u0142 do agencji na stanowisko deputy creative directora. Ma 15-letnie do\u015bwiadczenie w bran\u017cy reklamowej, wcze\u015bniej pracowa\u0142 Leo Burnett Warsaw, Change Integrated oraz Saatchi &#038; Saatchi.<\/p>\n<p>W swoim portfolio ma kampanie dla takich klient\u00f3w jak: IKEA, Fiat, P&#038;G, Orange, Play, Aviva, Diageo, Statoil, Philip Morris, Skoda, Unilever, T-Mobile, Carlsberg, Toyota, Novartis, Canal+, BMG, BPH.<\/p>\n<p>Jakub Zielecki jest laureatem wielu bran\u017cowych nagr\u00f3d, w tym: Cannes Lions, Golden Drum, KTR, Effie, Epica, Eurobest. Absolwent wydzia\u0142u grafiki na warszawskiej ASP.<\/p>\n<p>Na stanowisku szefa kreacji Jakub Zielecki zast\u0105pi\u0142 Micha\u0142a Imbierowicza, kt\u00f3ry rozsta\u0142 si\u0119 z agencj\u0105.<\/p>\n","protected":false},"excerpt":{"rendered":"Jakub Zielecki, zosta\u0142 mianowany na stanowisko creative directora Havas Worldwide Warsaw, przejmuj\u0105c zarz\u0105dzanie zespo\u0142em kreacji agencji.","protected":false},"author":6,"featured_media":159142,"comment_status":"open","ping_status":"closed","sticky":false,"template":"","format":"standard","meta":{"csco_display_header_overlay":false,"csco_singular_sidebar":"","csco_page_header_type":"","csco_page_load_nextpost":"","csco_post_video_location":[],"csco_post_video_location_hash":"","csco_post_video_url":"","csco_post_video_bg_start_time":0,"csco_post_video_bg_end_time":0,"footnotes":""},"categories":[9678],"tags":[3621,74,7625],"class_list":{"0":"post-159141","1":"post","2":"type-post","3":"status-publish","4":"format-standard","5":"has-post-thumbnail","7":"category-awanse","8":"tag-awans","9":"tag-havas","10":"tag-jakub-zielecki","11":"cs-entry","12":"cs-video-wrap"},"_links":{"self":[{"href":"https:\/\/mediarun.com\/pl\/wp-json\/wp\/v2\/posts\/159141","targetHints":{"allow":["GET"]}}],"collection":[{"href":"https:\/\/mediarun.com\/pl\/wp-json\/wp\/v2\/posts"}],"about":[{"href":"https:\/\/mediarun.com\/pl\/wp-json\/wp\/v2\/types\/post"}],"author":[{"embeddable":true,"href":"https:\/\/mediarun.com\/pl\/wp-json\/wp\/v2\/users\/6"}],"replies":[{"embeddable":true,"href":"https:\/\/mediarun.com\/pl\/wp-json\/wp\/v2\/comments?post=159141"}],"version-history":[{"count":0,"href":"https:\/\/mediarun.com\/pl\/wp-json\/wp\/v2\/posts\/159141\/revisions"}],"wp:featuredmedia":[{"embeddable":true,"href":"https:\/\/mediarun.com\/pl\/wp-json\/wp\/v2\/media\/159142"}],"wp:attachment":[{"href":"https:\/\/mediarun.com\/pl\/wp-json\/wp\/v2\/media?parent=159141"}],"wp:term":[{"taxonomy":"category","embeddable":true,"href":"https:\/\/mediarun.com\/pl\/wp-json\/wp\/v2\/categories?post=159141"},{"taxonomy":"post_tag","embeddable":true,"href":"https:\/\/mediarun.com\/pl\/wp-json\/wp\/v2\/tags?post=159141"}],"curies":[{"name":"wp","href":"https:\/\/api.w.org\/{rel}","templated":true}]}}