{"id":159080,"date":"2015-09-06T10:51:48","date_gmt":"2015-09-06T08:51:48","guid":{"rendered":"https:\/\/mediarun.com\/pl\/?p=159080"},"modified":"2015-09-06T10:51:48","modified_gmt":"2015-09-06T08:51:48","slug":"nowy-dyrektor-dzialu-design-w-saatchi-saatchi","status":"publish","type":"post","link":"https:\/\/mediarun.com\/pl\/ludzie\/awanse\/nowy-dyrektor-dzialu-design-w-saatchi-saatchi.html","title":{"rendered":"Nowy dyrektor dzia\u0142u Design w Saatchi &#038; Saatchi"},"content":{"rendered":"<p>Nagiecki zdobywa\u0142 do\u015bwiadczenie w wielu du\u017cych agencjach reklamowych McCann, Leo Burnett, G7 i Change, pracuj\u0105c dla lokalnych i mi\u0119dzynarodowych marek m.in. T-Mobile, Heyah, Martini, Ferrero, Chipita, Millennium Bank, Proama. By\u0142 nagradzany w wielu festiwalach reklamowych, zdoby\u0142 mi\u0119dzy innymi z\u0142oto KTR za re-branding Heyah, KTR za print Contrahist, KTR za print Olfa, Good 50&#215;70 oraz wiele nagr\u00f3d artystycznych, takich jak: Nagroda na Biennale Rysunku we Wroc\u0142awiu, Nagroda im. Strzemi\u0144skiego czy Nagroda Ministerstwa Kultury i Dziedzictwa Narodowego. <\/p>\n","protected":false},"excerpt":{"rendered":"Rafa\u0142 Nagiecki do\u0142\u0105cza do Dzia\u0142u Kreacji Saatchi &#038; Saatchi Group Poland, b\u0119dzie zarz\u0105dza\u0142 20 osobowym zespo\u0142em Design. Obecna struktura zespo\u0142u \u0142\u0105czy interdyscyplinarne kompetencje w zakresie art, print, digital oraz eCommerce design.","protected":false},"author":6,"featured_media":159081,"comment_status":"open","ping_status":"closed","sticky":false,"template":"","format":"standard","meta":{"csco_display_header_overlay":false,"csco_singular_sidebar":"","csco_page_header_type":"","csco_page_load_nextpost":"","csco_post_video_location":[],"csco_post_video_location_hash":"","csco_post_video_url":"","csco_post_video_bg_start_time":0,"csco_post_video_bg_end_time":0,"footnotes":""},"categories":[9678],"tags":[3621,7618,179],"class_list":{"0":"post-159080","1":"post","2":"type-post","3":"status-publish","4":"format-standard","5":"has-post-thumbnail","7":"category-awanse","8":"tag-awans","9":"tag-rafal-nagiecki","10":"tag-saatchi-saatchi","11":"cs-entry","12":"cs-video-wrap"},"_links":{"self":[{"href":"https:\/\/mediarun.com\/pl\/wp-json\/wp\/v2\/posts\/159080","targetHints":{"allow":["GET"]}}],"collection":[{"href":"https:\/\/mediarun.com\/pl\/wp-json\/wp\/v2\/posts"}],"about":[{"href":"https:\/\/mediarun.com\/pl\/wp-json\/wp\/v2\/types\/post"}],"author":[{"embeddable":true,"href":"https:\/\/mediarun.com\/pl\/wp-json\/wp\/v2\/users\/6"}],"replies":[{"embeddable":true,"href":"https:\/\/mediarun.com\/pl\/wp-json\/wp\/v2\/comments?post=159080"}],"version-history":[{"count":0,"href":"https:\/\/mediarun.com\/pl\/wp-json\/wp\/v2\/posts\/159080\/revisions"}],"wp:featuredmedia":[{"embeddable":true,"href":"https:\/\/mediarun.com\/pl\/wp-json\/wp\/v2\/media\/159081"}],"wp:attachment":[{"href":"https:\/\/mediarun.com\/pl\/wp-json\/wp\/v2\/media?parent=159080"}],"wp:term":[{"taxonomy":"category","embeddable":true,"href":"https:\/\/mediarun.com\/pl\/wp-json\/wp\/v2\/categories?post=159080"},{"taxonomy":"post_tag","embeddable":true,"href":"https:\/\/mediarun.com\/pl\/wp-json\/wp\/v2\/tags?post=159080"}],"curies":[{"name":"wp","href":"https:\/\/api.w.org\/{rel}","templated":true}]}}