{"id":159077,"date":"2015-09-06T10:47:14","date_gmt":"2015-09-06T08:47:14","guid":{"rendered":"https:\/\/mediarun.com\/pl\/?p=159077"},"modified":"2015-09-06T10:47:14","modified_gmt":"2015-09-06T08:47:14","slug":"polska-press-grupa-z-nowym-kierownikiem-sprzedazy","status":"publish","type":"post","link":"https:\/\/mediarun.com\/pl\/ludzie\/awanse\/polska-press-grupa-z-nowym-kierownikiem-sprzedazy.html","title":{"rendered":"Polska Press Grupa z nowym kierownikiem sprzeda\u017cy"},"content":{"rendered":"<p>Bartosz \u017buchowski odpowiedzialny b\u0119dzie za rozw\u00f3j i zarz\u0105dzanie sprzeda\u017c\u0105 dla serwis\u00f3w\u00a0 motofakty.pl, motogratka.pl oraz regiomoto.pl.<\/p>\n<p>\u017buchowski do Polska Press przeszed\u0142 z Grupy Onet-RASP, gdzie od 2012 roku zajmowa\u0142 stanowisko Product Managera motoryzacyjnych serwis\u00f3w internetowych. Wcze\u015bniej zwi\u0105zany by\u0142 ze sp\u00f3\u0142k\u0105 Agora S.A. gdzie by\u0142 Kierownikiem Biznesu Us\u0142ug Motoryzacyjnych Trader.com (Polska) i Gazeta.pl. W latach 2006 &#8211; 2007 zwi\u0105zany by\u0142 z Gratka Sp. z o.o. (obecnie Polska Press) jako specjalista ds. sprzeda\u017cy.<\/p>\n","protected":false},"excerpt":{"rendered":"Do biura reklamy internetowej Polska Press Grupy do\u0142\u0105czy\u0142 Bartosz \u017buchowski, kt\u00f3ry od 1 wrze\u015bnia br. zajmuje stanowisko kierownika sprzeda\u017cy kategorii motoryzacja.\u00a0","protected":false},"author":6,"featured_media":159078,"comment_status":"open","ping_status":"closed","sticky":false,"template":"","format":"standard","meta":{"csco_display_header_overlay":false,"csco_singular_sidebar":"","csco_page_header_type":"","csco_page_load_nextpost":"","csco_post_video_location":[],"csco_post_video_location_hash":"","csco_post_video_url":"","csco_post_video_bg_start_time":0,"csco_post_video_bg_end_time":0,"footnotes":""},"categories":[9678],"tags":[3621,7617,5675],"class_list":{"0":"post-159077","1":"post","2":"type-post","3":"status-publish","4":"format-standard","5":"has-post-thumbnail","7":"category-awanse","8":"tag-awans","9":"tag-bartosz-zuchowski","10":"tag-polska-press-grupa","11":"cs-entry","12":"cs-video-wrap"},"_links":{"self":[{"href":"https:\/\/mediarun.com\/pl\/wp-json\/wp\/v2\/posts\/159077","targetHints":{"allow":["GET"]}}],"collection":[{"href":"https:\/\/mediarun.com\/pl\/wp-json\/wp\/v2\/posts"}],"about":[{"href":"https:\/\/mediarun.com\/pl\/wp-json\/wp\/v2\/types\/post"}],"author":[{"embeddable":true,"href":"https:\/\/mediarun.com\/pl\/wp-json\/wp\/v2\/users\/6"}],"replies":[{"embeddable":true,"href":"https:\/\/mediarun.com\/pl\/wp-json\/wp\/v2\/comments?post=159077"}],"version-history":[{"count":0,"href":"https:\/\/mediarun.com\/pl\/wp-json\/wp\/v2\/posts\/159077\/revisions"}],"wp:featuredmedia":[{"embeddable":true,"href":"https:\/\/mediarun.com\/pl\/wp-json\/wp\/v2\/media\/159078"}],"wp:attachment":[{"href":"https:\/\/mediarun.com\/pl\/wp-json\/wp\/v2\/media?parent=159077"}],"wp:term":[{"taxonomy":"category","embeddable":true,"href":"https:\/\/mediarun.com\/pl\/wp-json\/wp\/v2\/categories?post=159077"},{"taxonomy":"post_tag","embeddable":true,"href":"https:\/\/mediarun.com\/pl\/wp-json\/wp\/v2\/tags?post=159077"}],"curies":[{"name":"wp","href":"https:\/\/api.w.org\/{rel}","templated":true}]}}