{"id":158854,"date":"2015-09-01T12:54:12","date_gmt":"2015-09-01T10:54:12","guid":{"rendered":"https:\/\/mediarun.com\/pl\/?p=158854"},"modified":"2015-09-01T12:54:12","modified_gmt":"2015-09-01T10:54:12","slug":"iii-kongres-ehandlu-zastrzyk-praktycznej-wiedzy-o-e-commerce","status":"publish","type":"post","link":"https:\/\/mediarun.com\/pl\/wydarzenia\/konferencje\/iii-kongres-ehandlu-zastrzyk-praktycznej-wiedzy-o-e-commerce.html","title":{"rendered":"III Kongres eHandlu &#8211;  zastrzyk praktycznej wiedzy o e-commerce"},"content":{"rendered":"<p>Fundacja Polak 2.0  ju\u017c po raz trzeci zaprasza na Kongres eHandlu &#8211; najwi\u0119ksze spotkanie praktyk\u00f3w e-commerce, kt\u00f3re odb\u0119dzie si\u0119 29 wrze\u015bnia na PGE Narodowym w Warszawie. Sprzeda\u017c bilet\u00f3w w promocyjnej cenie 349 z\u0142 rusza ju\u017c 24 sierpnia: <a href=\"http:\/\/kongres-ehandlu.pl\" target=\"_blank\" rel=\"noopener\">http:\/\/kongres-ehandlu.pl<\/a><\/p>\n<p>Kongres adresowany jest do pasjonat\u00f3w e-commerce, w\u0142a\u015bcicieli e-sklep\u00f3w, mened\u017cer\u00f3w e-commerce, os\u00f3b od lat zajmuj\u0105cych si\u0119 e-handlem i dopiero zastanawiaj\u0105cych si\u0119 nad rozpocz\u0119ciem sprzeda\u017cy on-line. Uczestnicy wydarzenia otrzymaj\u0105 odpowiedzi na najwa\u017cniejsze pytania zwi\u0105zane ze sprzeda\u017c\u0105 w sieci z zakresu analityki, marketingu, prawa, logistyki, user experience oraz wskaz\u00f3wki dotycz\u0105ce ekspansji zagranicznej.<\/p>\n<p>Celem kongresu jest zorganizowanie spotkania specjalist\u00f3w e-commerce, kt\u00f3rzy dziel\u0105c si\u0119 swoj\u0105 wiedz\u0105 b\u0119d\u0105 mogli si\u0119 wzajemnie inspirowa\u0107 i szerzy\u0107 dobre praktyki. <\/p>\n<p>&#8211; Do udzia\u0142u w III edycji Kongresu zaprosili\u015bmy prelegent\u00f3w, kt\u00f3rzy reprezentuj\u0105 r\u00f3\u017cne obszary e-handlu, r\u00f3\u017cne bran\u017ce oraz r\u00f3\u017cne rozmiary prowadzonej dzia\u0142alno\u015bci. Wszystko po to, aby przedstawi\u0107 zr\u00f3\u017cnicowane punkty widzenia przy zachowaniu praktycznego podej\u015bcia do prezentowanych problem\u00f3w &#8211; m\u00f3wi Marek Tomaszewski z Fundacji Polak 2.0, organizatora wydarzenia.<\/p>\n<p>Swoj\u0105 wiedz\u0105 podziel\u0105 si\u0119 m.in. Micha\u0142 Cortez (obecnie eCommerce Strategy Lead w Saatchi &#038; Saatchi, wcze\u015bniej wsp\u00f3\u0142tw\u00f3rca internetowej pot\u0119gi ANSWEAR.com), Maciej Lewi\u0144ski (trener Google, SEM Ninja, prawdziwy wojownik posiadaj\u0105cy wszystkie certyfikaty Google&#8217;a), Katarzyna M\u0142ynarczyk (CEO Socjomania) czy Yash Chaurasia (go\u015b\u0107 specjalny z Unbounce.com). Po\u0142owa agendy to studia przypadk\u00f3w pe\u0142ne wskaz\u00f3wek, kt\u00f3re b\u0119dzie mo\u017cna samodzielnie wprowadzi\u0107 w swoim sklepie. Podczas III Kongresu eHandlu do\u015bwiadczeniami podziel\u0105 si\u0119 m.in. Krzysztof Czapla (tw\u00f3rca sklepu Instylio.pl, kt\u00f3ry dzia\u0142a na 6 rynkach CEE), Wojtek Latoszek z 4gift.pl, Marek Prudel z Militaria.pl i \u0141ukasz Koz\u0142owski ze sklep-presto.pl.<\/p>\n<p>Przedstawiane na 3 scenach wszystkie prezentacje b\u0119d\u0105 nagrywane. Uczestnicy po zako\u0144czeniu Kongresu otrzymaj\u0105 dost\u0119p do wideorelacji.<\/p>\n<p>Warto pami\u0119ta\u0107, \u017ce Kongres eHandlu to wydarzenie, od kt\u00f3rego oczekuje si\u0119 wysokiego poziomu merytorycznego, popartego case study, dlatego organizator zastrzega, \u017ce weryfikacja prelegent\u00f3w b\u0119dzie bardzo wnikliwa.<\/p>\n<p>Prelegenci, kt\u00f3rzy przedstawi\u0105 zdaniem uczestnik\u00f3w najciekawsze prezentacje otrzymaj\u0105 nagrody pieni\u0119\u017cne w ramach projektu Polak 2.0.<\/p>\n<p>III Kongres eHandlu to wydarzenie, kt\u00f3re musi znale\u017a\u0107 si\u0119 w kalendarzu wszystkich zamierzaj\u0105cych zwi\u0119kszy\u0107 swoje zyski w 2016 roku. Je\u015bli chcesz rozwija\u0107 sw\u00f3j sklep internetowy i by\u0107 na bie\u017c\u0105co ze wszystkimi nowo\u015bciami ze \u015bwiata e-commerce, to nie mo\u017ce Ci\u0119 zabrakn\u0105\u0107 29 wrze\u015bnia na Stadionie Narodowym w Warszawie. <\/p>\n","protected":false},"excerpt":{"rendered":"III Kongres eHandlu to wydarzenie, kt\u00f3re musi znale\u017a\u0107 si\u0119 w kalendarzu wszystkich zamierzaj\u0105cych zwi\u0119kszy\u0107 swoje zyski w 2016 roku. 82% uczestnik\u00f3w poprzedniej edycji uwa\u017ca, \u017ce wiedza wyniesiona z prezentacji przyczyni\u0142a si\u0119 do wzrostu sprzeda\u017cy w ich e-sklepie.","protected":false},"author":6,"featured_media":158855,"comment_status":"open","ping_status":"closed","sticky":false,"template":"","format":"standard","meta":{"csco_display_header_overlay":false,"csco_singular_sidebar":"","csco_page_header_type":"","csco_page_load_nextpost":"","csco_post_video_location":[],"csco_post_video_location_hash":"","csco_post_video_url":"","csco_post_video_bg_start_time":0,"csco_post_video_bg_end_time":0,"footnotes":""},"categories":[4641],"tags":[7595,7594,4829,9681],"class_list":{"0":"post-158854","1":"post","2":"type-post","3":"status-publish","4":"format-standard","5":"has-post-thumbnail","7":"category-konferencje","8":"tag-fundacja-polak-2-0","9":"tag-iii-kongres-ehandlu","10":"tag-konferencje","11":"tag-wydarzenia","12":"cs-entry","13":"cs-video-wrap"},"_links":{"self":[{"href":"https:\/\/mediarun.com\/pl\/wp-json\/wp\/v2\/posts\/158854","targetHints":{"allow":["GET"]}}],"collection":[{"href":"https:\/\/mediarun.com\/pl\/wp-json\/wp\/v2\/posts"}],"about":[{"href":"https:\/\/mediarun.com\/pl\/wp-json\/wp\/v2\/types\/post"}],"author":[{"embeddable":true,"href":"https:\/\/mediarun.com\/pl\/wp-json\/wp\/v2\/users\/6"}],"replies":[{"embeddable":true,"href":"https:\/\/mediarun.com\/pl\/wp-json\/wp\/v2\/comments?post=158854"}],"version-history":[{"count":0,"href":"https:\/\/mediarun.com\/pl\/wp-json\/wp\/v2\/posts\/158854\/revisions"}],"wp:featuredmedia":[{"embeddable":true,"href":"https:\/\/mediarun.com\/pl\/wp-json\/wp\/v2\/media\/158855"}],"wp:attachment":[{"href":"https:\/\/mediarun.com\/pl\/wp-json\/wp\/v2\/media?parent=158854"}],"wp:term":[{"taxonomy":"category","embeddable":true,"href":"https:\/\/mediarun.com\/pl\/wp-json\/wp\/v2\/categories?post=158854"},{"taxonomy":"post_tag","embeddable":true,"href":"https:\/\/mediarun.com\/pl\/wp-json\/wp\/v2\/tags?post=158854"}],"curies":[{"name":"wp","href":"https:\/\/api.w.org\/{rel}","templated":true}]}}