{"id":158748,"date":"2015-08-28T19:35:33","date_gmt":"2015-08-28T17:35:33","guid":{"rendered":"https:\/\/mediarun.com\/pl\/?p=158748"},"modified":"2015-08-28T19:35:33","modified_gmt":"2015-08-28T17:35:33","slug":"magazyn-kuchnia-z-nowa-naczelna","status":"publish","type":"post","link":"https:\/\/mediarun.com\/pl\/ludzie\/awanse\/magazyn-kuchnia-z-nowa-naczelna.html","title":{"rendered":"Magazyn \u201eKuchnia&#8221; z now\u0105 naczeln\u0105"},"content":{"rendered":"<p>Ewa Wagner z bran\u017c\u0105 medialn\u0105 zwi\u0105zana jest od 1991 roku \u2013 w czasie swojej dotychczasowej kariery by\u0142a m.in. redaktor naczeln\u0105 &#8222;Olivii&#8221;, \u201e\u015awiata Kobiety&#8221; oraz \u201ePani Domu&#8221;. Pracowa\u0142a tak\u017ce w miesi\u0119czniku kulinarnym &#8222;Moje Gotowanie&#8221;. <\/p>\n<p>Ewa Wagner posiada bogate do\u015bwiadczenie zar\u00f3wno w zarz\u0105dzaniu zespo\u0142ami redakcyjnymi, kreacji i koordynacji wsp\u00f3lnych projekt\u00f3w redakcji, dzia\u0142\u00f3w reklamy i marketingu w du\u017cych wydawnictwach, jak i w tworzeniu nowych formu\u0142 magazyn\u00f3w prasowych i wprowadzaniu ich na rynek.<\/p>\n<p>W miesi\u0119czniku &#8222;Kuchnia&#8221; Ewa Wagner b\u0119dzie odpowiedzialna za utrzymanie wysokiej pozycji tytu\u0142u na rynku luksusowych magazyn\u00f3w kulinarnych.<\/p>\n","protected":false},"excerpt":{"rendered":"Od numeru 10. magazyn \u201eKuchnia&#8221; zyska now\u0105 naczeln\u0105 \u2013 b\u0119dzie to Ewa Wagner, dziennikarka o du\u017cym do\u015bwiadczeniu w prowadzeniu redakcji pism kobiecych.","protected":false},"author":6,"featured_media":158749,"comment_status":"open","ping_status":"closed","sticky":false,"template":"","format":"standard","meta":{"csco_display_header_overlay":false,"csco_singular_sidebar":"","csco_page_header_type":"","csco_page_load_nextpost":"","csco_post_video_location":[],"csco_post_video_location_hash":"","csco_post_video_url":"","csco_post_video_bg_start_time":0,"csco_post_video_bg_end_time":0,"footnotes":""},"categories":[9678],"tags":[3621,7563,669,3306],"class_list":{"0":"post-158748","1":"post","2":"type-post","3":"status-publish","4":"format-standard","5":"has-post-thumbnail","7":"category-awanse","8":"tag-awans","9":"tag-ewa-wagner","10":"tag-kuchnia","11":"tag-prasa-2","12":"cs-entry","13":"cs-video-wrap"},"_links":{"self":[{"href":"https:\/\/mediarun.com\/pl\/wp-json\/wp\/v2\/posts\/158748","targetHints":{"allow":["GET"]}}],"collection":[{"href":"https:\/\/mediarun.com\/pl\/wp-json\/wp\/v2\/posts"}],"about":[{"href":"https:\/\/mediarun.com\/pl\/wp-json\/wp\/v2\/types\/post"}],"author":[{"embeddable":true,"href":"https:\/\/mediarun.com\/pl\/wp-json\/wp\/v2\/users\/6"}],"replies":[{"embeddable":true,"href":"https:\/\/mediarun.com\/pl\/wp-json\/wp\/v2\/comments?post=158748"}],"version-history":[{"count":0,"href":"https:\/\/mediarun.com\/pl\/wp-json\/wp\/v2\/posts\/158748\/revisions"}],"wp:featuredmedia":[{"embeddable":true,"href":"https:\/\/mediarun.com\/pl\/wp-json\/wp\/v2\/media\/158749"}],"wp:attachment":[{"href":"https:\/\/mediarun.com\/pl\/wp-json\/wp\/v2\/media?parent=158748"}],"wp:term":[{"taxonomy":"category","embeddable":true,"href":"https:\/\/mediarun.com\/pl\/wp-json\/wp\/v2\/categories?post=158748"},{"taxonomy":"post_tag","embeddable":true,"href":"https:\/\/mediarun.com\/pl\/wp-json\/wp\/v2\/tags?post=158748"}],"curies":[{"name":"wp","href":"https:\/\/api.w.org\/{rel}","templated":true}]}}