{"id":158741,"date":"2015-08-28T19:28:05","date_gmt":"2015-08-28T17:28:05","guid":{"rendered":"https:\/\/mediarun.com\/pl\/?p=158741"},"modified":"2015-08-28T19:28:05","modified_gmt":"2015-08-28T17:28:05","slug":"nowa-dyrektor-sprzedazy-w-polska-press-grupie","status":"publish","type":"post","link":"https:\/\/mediarun.com\/pl\/ludzie\/awanse\/nowa-dyrektor-sprzedazy-w-polska-press-grupie.html","title":{"rendered":"Nowa dyrektor sprzeda\u017cy w Polska Press Grupie"},"content":{"rendered":"<p>Anna Dygasiewicz na nowym stanowisku b\u0119dzie odpowiedzialna za rozw\u00f3j i zarz\u0105dzanie sprzeda\u017c\u0105 w kategorii budownictwo dla produkt\u00f3w Polska Press Grupy i Grupy e-budownictwo.pl.<\/p>\n<p><a href=\"https:\/\/mediarun.com\/wp-content\/uploads\/2015\/08\/Anna-Dygasiewicz.jpg\"><img decoding=\"async\" class=\"  wp-image-158742 alignleft\" src=\"https:\/\/mediarun.com\/wp-content\/uploads\/2015\/08\/Anna-Dygasiewicz.jpg\" alt=\"Anna Dygasiewicz\" width=\"199\" height=\"199\" title=\"\"><\/a>Dygasiewicz z bran\u017c\u0105 reklamow\u0105 zwi\u0105zana jest od ponad 20 lat. Do Polska Press Grupy przechodzi ze sp\u00f3\u0142ki ZPR Media (wcze\u015bniej Murator S.A.), z kt\u00f3r\u0105 by\u0142a zwi\u0105zana od 1997 roku. Ostatnio, od pa\u017adziernika 2014, zajmowa\u0142a stanowisko dyrektora Biura Obs\u0142ugi Klient\u00f3w Strategicznych Prasa Internet Akcje Crossmediowe. Wcze\u015bniej m.in. zarz\u0105dza\u0142a projektami sprzeda\u017cowymi i wydawniczymi jako dyrektor ds. rozwoju biznesu oraz kierowa\u0142a Biurem Reklamy Magazyny i Informatory.<\/p>\n","protected":false},"excerpt":{"rendered":"Do zespo\u0142u Polska Press Grupy do\u0142\u0105czy\u0142a Anna Dygasiewicz-Piwko, kt\u00f3ra obejmuje stanowisko dyrektora sprzeda\u017cy kategorii budownictwo.","protected":false},"author":6,"featured_media":155545,"comment_status":"open","ping_status":"closed","sticky":false,"template":"","format":"standard","meta":{"csco_display_header_overlay":false,"csco_singular_sidebar":"","csco_page_header_type":"","csco_page_load_nextpost":"","csco_post_video_location":[],"csco_post_video_location_hash":"","csco_post_video_url":"","csco_post_video_bg_start_time":0,"csco_post_video_bg_end_time":0,"footnotes":""},"categories":[9678],"tags":[7560,3621,5675],"class_list":{"0":"post-158741","1":"post","2":"type-post","3":"status-publish","4":"format-standard","5":"has-post-thumbnail","7":"category-awanse","8":"tag-anna-dygasiewicz-piwko","9":"tag-awans","10":"tag-polska-press-grupa","11":"cs-entry","12":"cs-video-wrap"},"_links":{"self":[{"href":"https:\/\/mediarun.com\/pl\/wp-json\/wp\/v2\/posts\/158741","targetHints":{"allow":["GET"]}}],"collection":[{"href":"https:\/\/mediarun.com\/pl\/wp-json\/wp\/v2\/posts"}],"about":[{"href":"https:\/\/mediarun.com\/pl\/wp-json\/wp\/v2\/types\/post"}],"author":[{"embeddable":true,"href":"https:\/\/mediarun.com\/pl\/wp-json\/wp\/v2\/users\/6"}],"replies":[{"embeddable":true,"href":"https:\/\/mediarun.com\/pl\/wp-json\/wp\/v2\/comments?post=158741"}],"version-history":[{"count":0,"href":"https:\/\/mediarun.com\/pl\/wp-json\/wp\/v2\/posts\/158741\/revisions"}],"wp:featuredmedia":[{"embeddable":true,"href":"https:\/\/mediarun.com\/pl\/wp-json\/wp\/v2\/media\/155545"}],"wp:attachment":[{"href":"https:\/\/mediarun.com\/pl\/wp-json\/wp\/v2\/media?parent=158741"}],"wp:term":[{"taxonomy":"category","embeddable":true,"href":"https:\/\/mediarun.com\/pl\/wp-json\/wp\/v2\/categories?post=158741"},{"taxonomy":"post_tag","embeddable":true,"href":"https:\/\/mediarun.com\/pl\/wp-json\/wp\/v2\/tags?post=158741"}],"curies":[{"name":"wp","href":"https:\/\/api.w.org\/{rel}","templated":true}]}}