{"id":15869,"date":"2011-05-27T15:19:26","date_gmt":"2011-05-27T13:19:26","guid":{"rendered":"https:\/\/mediarun.com\/index.php\/news-posts\/tvp1-bohaterowie-rancza-w-projekcie-europa\/"},"modified":"2011-05-27T15:19:26","modified_gmt":"2011-05-27T13:19:26","slug":"tvp1-bohaterowie-rancza-w-projekcie-europa","status":"publish","type":"post","link":"https:\/\/mediarun.com\/pl\/media\/tv\/tvp1-bohaterowie-rancza-w-projekcie-europa.html","title":{"rendered":"TVP1: bohaterowie &#8222;Rancza&#8221; w Projekcie Europa"},"content":{"rendered":"<p>Gospodarzami b\u0119d\u0105 bohaterowie serialu &#8222;Ranczo&#8221;: Duda (Piotr Ligienza) i Pani Lodzia (Magdalena Kuta) &#8211; pracownicy serialowego Urz\u0119du Gminy. Duda, jako przedstawiciel m\u0142odego pokolenia jest entuzjastycznie nastawiony do Funduszy Europejskich, starsza Pani Lodzia jest bardziej ostro\u017cna. Do wszystkiego podchodzi sceptycznie i nieufnie. W ka\u017cdym odcinku Duda przedstawia inny rodzaj Funduszu, na przyk\u0142adzie bohatera, kt&oacute;remu uda\u0142o si\u0119 pozyska\u0107 dotacje i osi\u0105gn\u0105\u0107 sukces.<\/p>\n<p>Powsta\u0142o 25 odcink&oacute;w (ka\u017cdy trwa po 25 minut). Emisja od 13 czerwca w poniedzia\u0142ki i pi\u0105tki o godz. 11.25 w <a href=\"http:\/\/dlafirm.mediarun.pl\/katalog\/firma\/tvp1,959,1.html\" target=\"_blank\" rel=\"noopener\">TVP1<\/a>.<\/p>\n","protected":false},"excerpt":{"rendered":"Od 13 czerwca na antenie Jedynki pojawi si\u0119 nowy program, zatytu\u0142owany &#8222;Projekt: Europa&#8221; o dotacjach i szkoleniach w ramach Europejskich Funduszy.","protected":false},"author":1,"featured_media":15870,"comment_status":"open","ping_status":"closed","sticky":false,"template":"","format":"standard","meta":{"csco_display_header_overlay":false,"csco_singular_sidebar":"","csco_page_header_type":"","csco_page_load_nextpost":"","csco_post_video_location":[],"csco_post_video_location_hash":"","csco_post_video_url":"","csco_post_video_bg_start_time":0,"csco_post_video_bg_end_time":0,"footnotes":""},"categories":[9670],"tags":[558],"class_list":{"0":"post-15869","1":"post","2":"type-post","3":"status-publish","4":"format-standard","5":"has-post-thumbnail","7":"category-tv","8":"tag-tvp1","9":"cs-entry","10":"cs-video-wrap"},"_links":{"self":[{"href":"https:\/\/mediarun.com\/pl\/wp-json\/wp\/v2\/posts\/15869","targetHints":{"allow":["GET"]}}],"collection":[{"href":"https:\/\/mediarun.com\/pl\/wp-json\/wp\/v2\/posts"}],"about":[{"href":"https:\/\/mediarun.com\/pl\/wp-json\/wp\/v2\/types\/post"}],"author":[{"embeddable":true,"href":"https:\/\/mediarun.com\/pl\/wp-json\/wp\/v2\/users\/1"}],"replies":[{"embeddable":true,"href":"https:\/\/mediarun.com\/pl\/wp-json\/wp\/v2\/comments?post=15869"}],"version-history":[{"count":0,"href":"https:\/\/mediarun.com\/pl\/wp-json\/wp\/v2\/posts\/15869\/revisions"}],"wp:featuredmedia":[{"embeddable":true,"href":"https:\/\/mediarun.com\/pl\/wp-json\/wp\/v2\/media\/15870"}],"wp:attachment":[{"href":"https:\/\/mediarun.com\/pl\/wp-json\/wp\/v2\/media?parent=15869"}],"wp:term":[{"taxonomy":"category","embeddable":true,"href":"https:\/\/mediarun.com\/pl\/wp-json\/wp\/v2\/categories?post=15869"},{"taxonomy":"post_tag","embeddable":true,"href":"https:\/\/mediarun.com\/pl\/wp-json\/wp\/v2\/tags?post=15869"}],"curies":[{"name":"wp","href":"https:\/\/api.w.org\/{rel}","templated":true}]}}