{"id":158652,"date":"2015-08-26T14:51:18","date_gmt":"2015-08-26T12:51:18","guid":{"rendered":"https:\/\/mediarun.com\/pl\/?p=158652"},"modified":"2015-08-26T14:51:18","modified_gmt":"2015-08-26T12:51:18","slug":"amnet-polska-z-nowym-client-service-directorem","status":"publish","type":"post","link":"https:\/\/mediarun.com\/pl\/ludzie\/awanse\/amnet-polska-z-nowym-client-service-directorem.html","title":{"rendered":"Amnet Polska z nowym Client Service Directorem"},"content":{"rendered":"<p>Kuczma zast\u0105pi Paw\u0142a Laskowskiego, kt\u00f3ry od 2012 roku pe\u0142ni\u0142 funkcj\u0119 Managing Directora Amnet Polska. Laskowski postanowi\u0142 kontynuowa\u0107 karier\u0119 zawodow\u0105 poza strukturami grupy Dentsu Aegis Network Polska. <\/p>\n<p>G\u0142\u00f3wnym zadaniem Paw\u0142a b\u0119dzie rozw\u00f3j oferty w ramach programmatic buying oraz poszerzanie portfolio klient\u00f3w sp\u00f3\u0142ki. Pawe\u0142 w ramach nowej roli b\u0119dzie odpowiedzialny tak\u017ce za strategi\u0119 oraz dalszy rozw\u00f3j sp\u00f3\u0142ki, a tak\u017ce strategiczne projekty zwi\u0105zane z rozwojem kompetencji digital w ramach ca\u0142ej grupy Dentsu.<\/p>\n<p>Pawe\u0142 Kuczma karier\u0119 w grupie Dentsu Aegis Network (wcze\u015bniej Aegis Media) rozpocz\u0105\u0142 w 2011 roku na stanowisku Online Plannera odpowiedzialnego za obs\u0142ug\u0119 klienta Ferrero Polska. Dzi\u0119ki swojej pasji i ambicji szybko awansowa\u0142 na stanowisko Seniora, a tak\u017ce do\u0142\u0105czy\u0142 do mi\u0119dzynarodowego programu Route 500 dla najbardziej uzdolnionych pracownik\u00f3w grupy Dentsu Aegis Network Polska. W ramach indywidualnej \u015bcie\u017cki kariery jak\u0105 gwarantuje ten program w 2013 r. obj\u0105\u0142 nowo utworzone stanowisko Digital&#038;Innovation Managera w Vizeum, gdzie odpowiada\u0142 za innowacj\u0119 i rozw\u00f3j medi\u00f3w digital. Paw\u0142a na stanowisku Digital&#038;Innovation Managera w Vizeum zast\u0105pi\u0142a Ma\u0142gorzata Niska. <\/p>\n","protected":false},"excerpt":{"rendered":"Pawe\u0142 Kuczma obejmuje stanowisko Client Service Directora i pokieruje sp\u00f3\u0142k\u0105 Amnet Polska, dzia\u0142aj\u0105c\u0105 w ramach Dentsu Aegis Network Polska. Dodatkowo do zespo\u0142u Amnet do\u0142\u0105czy\u0142 \u0141ukasz Ziarkiewicz jako Account Executive oraz Stanis\u0142aw Jedli\u0144ski jako Trader.","protected":false},"author":6,"featured_media":158653,"comment_status":"open","ping_status":"closed","sticky":false,"template":"","format":"standard","meta":{"csco_display_header_overlay":false,"csco_singular_sidebar":"","csco_page_header_type":"","csco_page_load_nextpost":"","csco_post_video_location":[],"csco_post_video_location_hash":"","csco_post_video_url":"","csco_post_video_bg_start_time":0,"csco_post_video_bg_end_time":0,"footnotes":""},"categories":[9678],"tags":[7533,3621,4577,7532],"class_list":{"0":"post-158652","1":"post","2":"type-post","3":"status-publish","4":"format-standard","5":"has-post-thumbnail","7":"category-awanse","8":"tag-amnet-polska","9":"tag-awans","10":"tag-dentsu-aegis-network","11":"tag-pawel-kuczma","12":"cs-entry","13":"cs-video-wrap"},"_links":{"self":[{"href":"https:\/\/mediarun.com\/pl\/wp-json\/wp\/v2\/posts\/158652","targetHints":{"allow":["GET"]}}],"collection":[{"href":"https:\/\/mediarun.com\/pl\/wp-json\/wp\/v2\/posts"}],"about":[{"href":"https:\/\/mediarun.com\/pl\/wp-json\/wp\/v2\/types\/post"}],"author":[{"embeddable":true,"href":"https:\/\/mediarun.com\/pl\/wp-json\/wp\/v2\/users\/6"}],"replies":[{"embeddable":true,"href":"https:\/\/mediarun.com\/pl\/wp-json\/wp\/v2\/comments?post=158652"}],"version-history":[{"count":0,"href":"https:\/\/mediarun.com\/pl\/wp-json\/wp\/v2\/posts\/158652\/revisions"}],"wp:featuredmedia":[{"embeddable":true,"href":"https:\/\/mediarun.com\/pl\/wp-json\/wp\/v2\/media\/158653"}],"wp:attachment":[{"href":"https:\/\/mediarun.com\/pl\/wp-json\/wp\/v2\/media?parent=158652"}],"wp:term":[{"taxonomy":"category","embeddable":true,"href":"https:\/\/mediarun.com\/pl\/wp-json\/wp\/v2\/categories?post=158652"},{"taxonomy":"post_tag","embeddable":true,"href":"https:\/\/mediarun.com\/pl\/wp-json\/wp\/v2\/tags?post=158652"}],"curies":[{"name":"wp","href":"https:\/\/api.w.org\/{rel}","templated":true}]}}