{"id":157233,"date":"2015-07-13T23:51:56","date_gmt":"2015-07-13T21:51:56","guid":{"rendered":"https:\/\/mediarun.com\/pl\/?p=157233"},"modified":"2015-07-13T23:51:56","modified_gmt":"2015-07-13T21:51:56","slug":"pokolenie-y-bedzie-emigrowac","status":"publish","type":"post","link":"https:\/\/mediarun.com\/pl\/trendy\/badania\/pokolenie-y-bedzie-emigrowac.html","title":{"rendered":"Pokolenie Y b\u0119dzie emigrowa\u0107?"},"content":{"rendered":"<p>Spo\u015br\u00f3d 1636 ankietowanych student\u00f3w bior\u0105cych udzia\u0142 w badaniu zrealizowanym na potrzeby kampanii <em>#jestemYgrekiem<\/em>. nie jestem leniem. wi\u0119kszo\u015b\u0107 uwa\u017ca, \u017ce g\u0142\u00f3wne cechy przedstawicieli pokolenia Y na rynku pracy to wielozadaniowo\u015b\u0107 (71 proc.), mobilno\u015b\u0107 (67 proc.) oraz znajomo\u015b\u0107 nowych technologii (60 proc.). Odpowiednio o po\u0142ow\u0119 rzadziej wskazywane cechy to: partnerskie podej\u015bcie w relacjach z prze\u0142o\u017conymi (35 proc.), du\u017ce oczekiwania wobec pracodawc\u00f3w (33 proc.) i work-life balance (28 proc.). A\u017c 46 proc. m\u0142odych ludzi po zako\u0144czeniu studi\u00f3w bierze pod uwag\u0119 mo\u017cliwo\u015b\u0107 wykorzystania swoich atut\u00f3w w poszukiwaniu pracy zagranic\u0105. Studenci argumentuj\u0105 swoj\u0105 gotowo\u015b\u0107 do wyjazdu lepszymi perspektywami zawodowymi, ch\u0119ci\u0105 poszerzenia horyzont\u00f3w i rozwoju zawodowego, edukacyjnego oraz osobistego. Cz\u0119\u015b\u0107 ankietowanych ma te\u017c obawy dotycz\u0105ce znalezienia pracy w swoim zawodzie b\u0105d\u017a zwi\u0105zanej z kierunkiem studi\u00f3w. \u2013 <em>Przedstawiciele pokolenia Y to osoby ambitne, otwarte na nowe wyzwania, doskonale odnajduj\u0105ce si\u0119 w \u201eglobalnej wiosce\u201d. Nie dziwi wi\u0119c, \u017ce s\u0105 otwarci na budowanie kariery i rozw\u00f3j poza granicami Polski. Natomiast rol\u0105 szeroko poj\u0119tego Pa\u0144stwa, w tym pracodawc\u00f3w jest zach\u0119cenie student\u00f3w do aktywno\u015bci zawodowej jeszcze w czasie nauki i pokazanie im, \u017ce r\u00f3wnie\u017c tutaj maj\u0105 szans\u0119 na warto\u015bciowy i dynamiczny rozw\u00f3j <\/em>\u2013 <strong>komentuje Mariola Raudo, HR Business Partner w Nestl\u00e9 Polska, firmie b\u0119d\u0105cej Mecenasem kampanii <em>#jestemYgrekiem<\/em>. nie jestem leniem.\u00a0<\/strong><\/p>\n<p>Badanie opinii student\u00f3w zrealizowane zosta\u0142o w maju br. w ramach kampanii \u015bwiadomo\u015bciowej <em>#jestemYgrekiem<\/em>. nie jestem leniem., a jego celem by\u0142o poznanie opinii i oczekiwa\u0144 przedstawicieli pokolenia Y wzgl\u0119dem wysokiej jako\u015bci sta\u017cy i praktyk oraz pracodawc\u00f3w, kt\u00f3rzy je oferuj\u0105. W badaniu wzi\u0119\u0142o udzia\u0142 1636 student\u00f3w i absolwent\u00f3w z najwi\u0119kszych o\u015brodk\u00f3w akademickich. Wyniki badania s\u0105 dost\u0119pne na stronie <a href=\"http:\/\/www.stazeipraktyki.pl\" target=\"_blank\" rel=\"noopener\">www.stazeipraktyki.pl<\/a>.<\/p>\n<p>Kampania <strong><em>#jestemYgrekiem. <\/em>nie jestem leniem<em>.<\/em><\/strong> ma na celu przedstawienie m\u0142odych ludzi wkraczaj\u0105cych na rynek pracy \u2013 Ygrek\u00f3w, zar\u00f3wno z perspektywy samych Ygrek\u00f3w, jak i z perspektywy pracodawc\u00f3w, a tak\u017ce zach\u0119cenie m\u0142odego pokolenia oraz pracodawc\u00f3w do budowania wzajemnej relacji i efektywnej wsp\u00f3\u0142pracy podczas sta\u017cy i praktyk. Kampania jest realizowana przez<\/p>\n<p>PSZK przy wsp\u00f3\u0142pracy BFS Group. Mecenasami Kampanii s\u0105: Grupa \u017bywiec, Nestl\u00e9, Orange i PZU. Patronami medialnymi s\u0105: Dlastudenta.pl, Dziennik Gazeta Prawna, kadry.infor.pl, kariera.com.pl., Dziennik Metro, student.lex.pl oraz Radio \u017bAK. Wi\u0119cej informacji na temat kampanii mo\u017cna znale\u017a\u0107 na stronie <a href=\"http:\/\/www.stazeipraktyki.pl\" target=\"_blank\" rel=\"noopener\">www.stazeipraktyki.pl<\/a> oraz na profilu <a href=\"https:\/\/www.facebook.com\/stazeipraktyki\" target=\"_blank\" rel=\"noopener\">Sta\u017ce i praktyki<\/a> na portalu Facebook.<\/p>\n","protected":false},"excerpt":{"rendered":"Prawie po\u0142owa Ygrek\u00f3w rozwa\u017ca mo\u017cliwo\u015b\u0107 wyjazdu poza Polsk\u0119 w poszukiwaniu lepszych perspektyw zawodowych i mo\u017cliwo\u015bci rozwoju &#8211; wynika z badania opinii student\u00f3w przeprowadzonego w ramach kampanii #jestemYgrekiem. nie jestem leniem. przez Polskie Stowarzyszenie Zarz\u0105dzania Kadrami (PSZK).","protected":false},"author":6,"featured_media":157234,"comment_status":"open","ping_status":"closed","sticky":false,"template":"","format":"standard","meta":{"csco_display_header_overlay":false,"csco_singular_sidebar":"","csco_page_header_type":"","csco_page_load_nextpost":"","csco_post_video_location":[],"csco_post_video_location_hash":"","csco_post_video_url":"","csco_post_video_bg_start_time":0,"csco_post_video_bg_end_time":0,"footnotes":""},"categories":[9662],"tags":[3166,7216,982,5084,4831],"class_list":{"0":"post-157233","1":"post","2":"type-post","3":"status-publish","4":"format-standard","5":"has-post-thumbnail","7":"category-badania","8":"tag-badania-2","9":"tag-emigracja","10":"tag-kariera","11":"tag-pokolenie-y","12":"tag-raporty","13":"cs-entry","14":"cs-video-wrap"},"_links":{"self":[{"href":"https:\/\/mediarun.com\/pl\/wp-json\/wp\/v2\/posts\/157233","targetHints":{"allow":["GET"]}}],"collection":[{"href":"https:\/\/mediarun.com\/pl\/wp-json\/wp\/v2\/posts"}],"about":[{"href":"https:\/\/mediarun.com\/pl\/wp-json\/wp\/v2\/types\/post"}],"author":[{"embeddable":true,"href":"https:\/\/mediarun.com\/pl\/wp-json\/wp\/v2\/users\/6"}],"replies":[{"embeddable":true,"href":"https:\/\/mediarun.com\/pl\/wp-json\/wp\/v2\/comments?post=157233"}],"version-history":[{"count":0,"href":"https:\/\/mediarun.com\/pl\/wp-json\/wp\/v2\/posts\/157233\/revisions"}],"wp:featuredmedia":[{"embeddable":true,"href":"https:\/\/mediarun.com\/pl\/wp-json\/wp\/v2\/media\/157234"}],"wp:attachment":[{"href":"https:\/\/mediarun.com\/pl\/wp-json\/wp\/v2\/media?parent=157233"}],"wp:term":[{"taxonomy":"category","embeddable":true,"href":"https:\/\/mediarun.com\/pl\/wp-json\/wp\/v2\/categories?post=157233"},{"taxonomy":"post_tag","embeddable":true,"href":"https:\/\/mediarun.com\/pl\/wp-json\/wp\/v2\/tags?post=157233"}],"curies":[{"name":"wp","href":"https:\/\/api.w.org\/{rel}","templated":true}]}}