{"id":157133,"date":"2015-07-09T22:38:32","date_gmt":"2015-07-09T20:38:32","guid":{"rendered":"https:\/\/mediarun.com\/pl\/?p=157133"},"modified":"2015-07-09T22:38:32","modified_gmt":"2015-07-09T20:38:32","slug":"inpost-z-nowym-doradca-zarzadu","status":"publish","type":"post","link":"https:\/\/mediarun.com\/pl\/ludzie\/awanse\/inpost-z-nowym-doradca-zarzadu.html","title":{"rendered":"InPost z nowym Doradc\u0105 Zarz\u0105du"},"content":{"rendered":"<p>Tom Ruhan ma wieloletnie do\u015bwiadczenie w zakresie regulacji prawnych oraz transakcji M&amp;A. W latach 2003-2014 piastowa\u0142 stanowisko G\u0142\u00f3wnego Dyrektora ds. Prawnych i Akwizycji w firmie Netia, w kt\u00f3rej pe\u0142ni\u0142 r\u00f3wnie\u017c funkcj\u0119 cz\u0142onka zarz\u0105du. Na przestrzeni lat doprowadzi\u0142 do ogromnego wzrostu przychod\u00f3w Netii z tytu\u0142u us\u0142ug regulowanych na rynku telekomunikacyjnym, istotnie rozszerzaj\u0105c dost\u0119p sp\u00f3\u0142ki do produkt\u00f3w regulowanych oraz us\u0142ug \u2018ostatniej mili\u2019. Jako przedstawiciel Netii aktywnie uczestniczy\u0142 w sporach z regulatorem, za ka\u017cdym razem akcentuj\u0105c konieczno\u015b\u0107 liberalizacji rynku us\u0142ug telekomunikacyjnych.<\/p>\n<p>W 2014 roku Netia zawiera\u0142a ugody z operatorem Orange Polska. Sprawa zwi\u0105zana by\u0142a z nadu\u017cywaniem przez Telekomunikacj\u0119 Polsk\u0105 (obecnie Orange Polska) pozycji dominuj\u0105cej na polskim rynku szerokopasmowego dost\u0119pu do internetu. Komisja Europejska \u2013 na bazie dowod\u00f3w dotycz\u0105cych nadu\u017cy\u0107 skompletowanych przez Neti\u0119 \u2013 przychyli\u0142a si\u0119 do argumentacji operatora, a Orange \u2013 po wielu latach tocz\u0105cych si\u0119 post\u0119powa\u0144, w wyniku ugody \u2013 przekaza\u0142 Netii 145 mln z\u0142 rekompensaty.<\/p>\n<p>Do najwi\u0119kszych osi\u0105gni\u0119\u0107 nowego doradcy InPost zalicza si\u0119 tak\u017ce akwizycj\u0119 ponad 50 sp\u00f3\u0142ek, kt\u00f3re zosta\u0142y nast\u0119pnie przy\u0142\u0105czone do innych jednostek operacyjnych Grupy Netia, a tak\u017ce konwersje op\u0142at koncesyjnych Netii. Karier\u0119 zawodow\u0105 zaczyna\u0142 jako doradca w jednej z najwi\u0119kszych polskich kancelarii Wardy\u0144ski i Wsp\u00f3lnicy, w kt\u00f3rej pracowa\u0142 12 lat.<\/p>\n<p>Tom Ruhan przez wiele lat dzia\u0142a\u0142 r\u00f3wnie\u017c w organizacjach wspieraj\u0105cych dzia\u0142alno\u015b\u0107 gospodarcz\u0105 w Polsce oraz za granic\u0105, mi\u0119dzy innymi w Krajowej Izbie Gospodarczej Elektroniki i Telekomunikacji (KIGEiT), gdzie pe\u0142ni\u0105c funkcj\u0119 wiceprzewodnicz\u0105cego sekcji operator\u00f3w telekomunikacyjnych \u2013 zajmowa\u0142 si\u0119 przegl\u0105dem i popraw\u0105 regulacji prawnych na rzecz operator\u00f3w telekomunikacyjnych. Obecnie jest cz\u0142onkiem zarz\u0105du Polskiej Izby Komunikacji Elektronicznej (PIKE).<\/p>\n<p>W latach 2010-2014 Tom Ruhan nale\u017ca\u0142 tak\u017ce do Rady Dyrektor\u00f3w Europejskiego Stowarzyszenia na rzecz Konkurencji w Telekomunikacji (ECTA &#8211; European Competitive Telecommunications Association), w kt\u00f3rej by\u0142 przewodnicz\u0105cym Rady Dyrektor\u00f3w ECTA. W ramach swoich obowi\u0105zk\u00f3w prezentowa\u0142 przed unijnymi komisarzami stanowiska operator\u00f3w telekomunikacyjnych \u2013 w tym Netii \u2013 umacniaj\u0105c pozycj\u0119 firm przy przygotowaniu regulacji dla rynku us\u0142ug telekomunikacyjnych.<\/p>\n<p>Tom Ruhan z pochodzenia jest Irlandczykiem. Wykszta\u0142cenie zdoby\u0142 na Uniwersytecie w Warwick w Wielkiej Brytanii na Wydziale Prawa.<\/p>\n<p><a href=\"https:\/\/mediarun.com\/wp-content\/uploads\/2015\/07\/Tom_Ruhan_foto.jpg\"><img decoding=\"async\" class=\" size-full wp-image-157134 alignleft\" src=\"https:\/\/mediarun.com\/wp-content\/uploads\/2015\/07\/Tom_Ruhan_foto.jpg\" alt=\"Tom_Ruhan_foto\" width=\"141\" height=\"190\" title=\"\"><\/a>\u201eOd pocz\u0105tku mojej kariery zawodowej zajmuj\u0119 si\u0119 regulacjami i doradztwem w zakresie prawa. Przez wiele lat zdobywa\u0142em wiedz\u0119 i do\u015bwiadczenie, kt\u00f3re obecnie chc\u0119 wykorzysta\u0107 przy realizacji za\u0142o\u017ce\u0144, jakie stawia sobie firma InPost. Od dawna z zaanga\u017cowaniem \u015bledz\u0119 rozw\u00f3j oraz dzia\u0142alno\u015b\u0107 sp\u00f3\u0142ki i jestem pod ogromnym wra\u017ceniem zar\u00f3wno dynamicznego wdra\u017cania kolejnych projekt\u00f3w na krajowy rynek, jak i intensywnej ekspansji na skal\u0119 mi\u0119dzynarodow\u0105. Z przyjemno\u015bci\u0105 wezm\u0119 czynny udzia\u0142 w dalszej intensyfikacji dzia\u0142a\u0144 jednej z najszybciej rozwijaj\u0105cych si\u0119 firm w Polsce\u201d \u2013 skomentowa\u0142 Tom Ruhan.<\/p>\n<p>\u201eInPost stoi obecnie przed du\u017cym wyzwaniem, jakim jest intensywna ekspansja na krajowym rynku pocztowym, kurierskim i logistycznym, a tak\u017ce nadchodz\u0105cy debiut na warszawskiej Gie\u0142dzie Papier\u00f3w Warto\u015bciowych. Potrzebujemy kompetentnych i odpowiedzialnych ludzi, kt\u00f3rzy pomog\u0105 nam w pe\u0142ni zrealizowa\u0107 nasze za\u0142o\u017cenia. Doradca o tak bogatym do\u015bwiadczeniu zawodowym, jakie posiada Tom Ruhan, b\u0119dzie niezwykle cennym cz\u0142onkiem ka\u017cdego, nawet najsilniejszego zespo\u0142u\u201d \u2013 <strong>dodaje Rafa\u0142 Brzoska, prezes Grupy Integer.pl.<\/strong><\/p>\n","protected":false},"excerpt":{"rendered":"InPost \u2013 najwi\u0119kszy prywatny operator pocztowy w Polsce \u2013 w zwi\u0105zku z dynamicznym rozwojem sp\u00f3\u0142ki wzmacnia zesp\u00f3\u0142 mened\u017cerski. Od 15 czerwca 2015 roku funkcj\u0119 doradcy zarz\u0105du pe\u0142ni Tom Ruhan \u2013 prawnik i wieloletni dzia\u0142acz w organizacjach bran\u017cowych zar\u00f3wno w kraju, jak i na arenie mi\u0119dzynarodowej.","protected":false},"author":6,"featured_media":157137,"comment_status":"open","ping_status":"closed","sticky":false,"template":"","format":"standard","meta":{"csco_display_header_overlay":false,"csco_singular_sidebar":"","csco_page_header_type":"","csco_page_load_nextpost":"","csco_post_video_location":[],"csco_post_video_location_hash":"","csco_post_video_url":"","csco_post_video_bg_start_time":0,"csco_post_video_bg_end_time":0,"footnotes":""},"categories":[9678],"tags":[3621,603,7193],"class_list":{"0":"post-157133","1":"post","2":"type-post","3":"status-publish","4":"format-standard","5":"has-post-thumbnail","7":"category-awanse","8":"tag-awans","9":"tag-inpost","10":"tag-tom-ruhan","11":"cs-entry","12":"cs-video-wrap"},"_links":{"self":[{"href":"https:\/\/mediarun.com\/pl\/wp-json\/wp\/v2\/posts\/157133","targetHints":{"allow":["GET"]}}],"collection":[{"href":"https:\/\/mediarun.com\/pl\/wp-json\/wp\/v2\/posts"}],"about":[{"href":"https:\/\/mediarun.com\/pl\/wp-json\/wp\/v2\/types\/post"}],"author":[{"embeddable":true,"href":"https:\/\/mediarun.com\/pl\/wp-json\/wp\/v2\/users\/6"}],"replies":[{"embeddable":true,"href":"https:\/\/mediarun.com\/pl\/wp-json\/wp\/v2\/comments?post=157133"}],"version-history":[{"count":0,"href":"https:\/\/mediarun.com\/pl\/wp-json\/wp\/v2\/posts\/157133\/revisions"}],"wp:featuredmedia":[{"embeddable":true,"href":"https:\/\/mediarun.com\/pl\/wp-json\/wp\/v2\/media\/157137"}],"wp:attachment":[{"href":"https:\/\/mediarun.com\/pl\/wp-json\/wp\/v2\/media?parent=157133"}],"wp:term":[{"taxonomy":"category","embeddable":true,"href":"https:\/\/mediarun.com\/pl\/wp-json\/wp\/v2\/categories?post=157133"},{"taxonomy":"post_tag","embeddable":true,"href":"https:\/\/mediarun.com\/pl\/wp-json\/wp\/v2\/tags?post=157133"}],"curies":[{"name":"wp","href":"https:\/\/api.w.org\/{rel}","templated":true}]}}