{"id":157112,"date":"2015-07-08T22:44:11","date_gmt":"2015-07-08T20:44:11","guid":{"rendered":"https:\/\/mediarun.com\/pl\/?p=157112"},"modified":"2015-07-09T00:51:55","modified_gmt":"2015-07-08T22:51:55","slug":"co-laczy-feminizm-z-faszyzmem-nowe-bilbordy-galerii-rusz","status":"publish","type":"post","link":"https:\/\/mediarun.com\/pl\/trendy\/inspiracje\/co-laczy-feminizm-z-faszyzmem-nowe-bilbordy-galerii-rusz.html","title":{"rendered":"Co \u0142\u0105czy feminizm z faszyzmem? Nowe bilbordy Galerii Rusz (galeria)"},"content":{"rendered":"<p>Cho\u0107 lipiec to sezon wakacji i letnich upa\u0142\u00f3w, to wbrew pozorom czas nauki wcale si\u0119 nie sko\u0144czy\u0142. Od pewnego czasu ci\u0105gle tkwimy w szkole &#8211; szkole z najgorszych uczniowskich koszmar\u00f3w &#8211; gdzie agresywny, surowy nauczyciel uczy nas prostackiej i p\u0142askiej wizji rzeczywisto\u015bci, opartej na wrogo\u015bci, zacietrzewieniu, megalomanii i uproszczonych schematach. Nie ma miejsca na niuanse, pog\u0142\u0119bion\u0105 refleksj\u0119 i wielowarstwowo\u015b\u0107 wsp\u00f3\u0142czesnego \u017cycia i \u015bwiata. Jest g\u0142\u00f3wnie miejsce na walk\u0119 i radykalizm. Uczymy si\u0119 tylko s\u0142\u00f3w na f, takich jak feminizm, fanatyzm, faszyzm. A przecie\u017c alfabet ma wiele liter\u2026 Czemu nie uczymy si\u0119 s\u0142\u00f3w na r, takich jak rozw\u00f3j, r\u00f3wnowaga, rozwaga? W ferworze walki i wzajemnej niech\u0119ci, nasze \u017cycie z ksi\u0119gi pe\u0142nej tre\u015bci zamienia si\u0119 w tani krymina\u0142, duch z nas uchodzi i zapada martwa biurowa cisza.<\/p>\n<p><a href=\"https:\/\/mediarun.com\/wp-content\/uploads\/2015\/07\/cisza-72.jpg\"><img fetchpriority=\"high\" decoding=\"async\" class=\"aligncenter  wp-image-157113\" src=\"https:\/\/mediarun.com\/wp-content\/uploads\/2015\/07\/cisza-72.jpg\" alt=\"cisza-72\" width=\"750\" height=\"454\" title=\"\"><\/a><\/p>\n<p><a href=\"https:\/\/mediarun.com\/wp-content\/uploads\/2015\/07\/slowa_na_F-72.jpg\"><img decoding=\"async\" class=\"aligncenter  wp-image-157114\" src=\"https:\/\/mediarun.com\/wp-content\/uploads\/2015\/07\/slowa_na_F-72.jpg\" alt=\"slowa_na_F-72\" width=\"750\" height=\"403\" title=\"\"><\/a><\/p>\n<p><a href=\"https:\/\/mediarun.com\/wp-content\/uploads\/2015\/07\/zycie-72.jpg\"><img decoding=\"async\" class=\"aligncenter  wp-image-157115\" src=\"https:\/\/mediarun.com\/wp-content\/uploads\/2015\/07\/zycie-72.jpg\" alt=\"zycie-72\" width=\"750\" height=\"461\" title=\"\"><\/a><\/p>\n<p><strong>Zapraszamy do ogl\u0105dania nowych bilbord\u00f3w Galerii Rusz pt. \u201eS\u0142owa na F&#8221;, \u201e\u017bycie&#8221; i \u201eCisza\u201d- ju\u017c na bilbordach w Toruniu i Warszawie.<\/strong><br \/>\nPraca \u201eS\u0142owa na F\u201d w Warszawie do ogl\u0105dania w nast\u0119puj\u0105cych lokalizacjach:<br \/>\n1. Al.Jana Paw\u0142a II\/Chmielna 98<br \/>\n2. Czerniakowska\/\u0141azienkowska 3<br \/>\n3. Marsza\u0142kowska\/Przechodnia 2<br \/>\n4. Pu\u0142awska 83\/Dolna\/Salon Ford<br \/>\n5. Towarowa 7\/Kolejowa\/Stacja Trafo<\/p>\n<p>\u201eGaleria Rusz&#8221; to autorski projekt artystycznego duetu w sk\u0142adzie Joanna G\u00f3rska (artysta) i Rafa\u0142 G\u00f3ralski (artysta i socjolog). Arty\u015bci specjalizuj\u0105 si\u0119 przede wszystkim w tworzeniu sztuki publicznej \u2013 tworz\u0105 bilbordy, plakaty, instalacje, murale, animacje, performance i akcje. Projekt jest realizowany od 1999 roku w Toruniu i jest to najd\u0142u\u017cej dzia\u0142aj\u0105cy projekt tego typu na \u015bwiecie, gdzie w sta\u0142ej lokalizacji prezentowane s\u0105 prace artystyczne. Od wrze\u015bnia 2013 roku dzia\u0142a r\u00f3wnie\u017c warszawski oddzia\u0142 Galerii Rusz. Arty\u015bci prezentuj\u0105 swoje prace na 5 no\u015bnikach bilbordowych, w r\u00f3\u017cnych lokalizacjach stolicy. Ekspozycja jest zmieniana na pocz\u0105tku ka\u017cdego miesi\u0105ca.<\/p>\n","protected":false},"excerpt":{"rendered":"Galeria Rusz prezentuje w lipcu trzy nowe bilbordy. W Warszawie, w 5 r\u00f3\u017cnych lokalizacjach pokazywana jest praca pt. \u201eS\u0142owa na f\u201d. Natomiast w Toruniu eksponowane s\u0105 prace pt. \u201e\u017bycie\u201d (ul. Wa\u0142y Gen. Sikorskiego) i \u201eCisza\u201d (ul. Szosa Che\u0142mi\u0144ska).","protected":false},"author":6,"featured_media":157116,"comment_status":"open","ping_status":"closed","sticky":false,"template":"","format":"standard","meta":{"csco_display_header_overlay":false,"csco_singular_sidebar":"","csco_page_header_type":"","csco_page_load_nextpost":"","csco_post_video_location":[],"csco_post_video_location_hash":"","csco_post_video_url":"","csco_post_video_bg_start_time":0,"csco_post_video_bg_end_time":0,"footnotes":""},"categories":[1],"tags":[7189,7188,3142,9643],"class_list":{"0":"post-157112","1":"post","2":"type-post","3":"status-publish","4":"format-standard","5":"has-post-thumbnail","7":"category-inspiracje","8":"tag-bilbordy","9":"tag-galeria-rusz","10":"tag-inspiracje","11":"tag-atl","12":"cs-entry","13":"cs-video-wrap"},"_links":{"self":[{"href":"https:\/\/mediarun.com\/pl\/wp-json\/wp\/v2\/posts\/157112","targetHints":{"allow":["GET"]}}],"collection":[{"href":"https:\/\/mediarun.com\/pl\/wp-json\/wp\/v2\/posts"}],"about":[{"href":"https:\/\/mediarun.com\/pl\/wp-json\/wp\/v2\/types\/post"}],"author":[{"embeddable":true,"href":"https:\/\/mediarun.com\/pl\/wp-json\/wp\/v2\/users\/6"}],"replies":[{"embeddable":true,"href":"https:\/\/mediarun.com\/pl\/wp-json\/wp\/v2\/comments?post=157112"}],"version-history":[{"count":0,"href":"https:\/\/mediarun.com\/pl\/wp-json\/wp\/v2\/posts\/157112\/revisions"}],"wp:featuredmedia":[{"embeddable":true,"href":"https:\/\/mediarun.com\/pl\/wp-json\/wp\/v2\/media\/157116"}],"wp:attachment":[{"href":"https:\/\/mediarun.com\/pl\/wp-json\/wp\/v2\/media?parent=157112"}],"wp:term":[{"taxonomy":"category","embeddable":true,"href":"https:\/\/mediarun.com\/pl\/wp-json\/wp\/v2\/categories?post=157112"},{"taxonomy":"post_tag","embeddable":true,"href":"https:\/\/mediarun.com\/pl\/wp-json\/wp\/v2\/tags?post=157112"}],"curies":[{"name":"wp","href":"https:\/\/api.w.org\/{rel}","templated":true}]}}