{"id":156530,"date":"2015-06-23T10:19:02","date_gmt":"2015-06-23T08:19:02","guid":{"rendered":"https:\/\/mediarun.com\/pl\/?p=156530"},"modified":"2015-06-23T10:19:02","modified_gmt":"2015-06-23T08:19:02","slug":"najbardziej-opiniotworcze-media-w-maju","status":"publish","type":"post","link":"https:\/\/mediarun.com\/pl\/trendy\/raporty\/najbardziej-opiniotworcze-media-w-maju.html","title":{"rendered":"Najbardziej opiniotw\u00f3rcze media w maju"},"content":{"rendered":"<p>W mediach cz\u0119sto poruszane by\u0142y kwestie sonda\u017cowych wynik\u00f3w wyborczych oraz pora\u017cki Bronis\u0142awa Komorowskiego w I turze. Szeroko komentowano tak\u017ce nowe fakty zwi\u0105zane z afer\u0105 pods\u0142uchow\u0105, w szczeg\u00f3lno\u015bci, w odniesieniu do ujawnionych przez tygodnik Do Rzeczy rozm\u00f3w pomi\u0119dzy minister El\u017cbiet\u0105 Bie\u0144kowsk\u0105 a szefem CBA Paw\u0142em Wojtunikiem, jak r\u00f3wnie\u017c kwesti\u0119 lokalizacji pomnika ofiar katastrofy smole\u0144skiej.<\/p>\n<p><a href=\"https:\/\/mediarun.com\/wp-content\/uploads\/2015\/06\/imm-mediarun-com.jpg\"><img fetchpriority=\"high\" decoding=\"async\" class=\"aligncenter size-full wp-image-156539\" src=\"https:\/\/mediarun.com\/wp-content\/uploads\/2015\/06\/imm-mediarun-com.jpg\" alt=\"imm-mediarun-com\" width=\"800\" height=\"800\" title=\"\" srcset=\"https:\/\/mediarun.com\/pl\/wp-content\/uploads\/2015\/06\/imm-mediarun-com.jpg 960w, https:\/\/mediarun.com\/pl\/wp-content\/uploads\/2015\/06\/imm-mediarun-com-700x700.jpg 700w\" sizes=\"(max-width: 800px) 100vw, 800px\" \/><\/a><\/p>\n<p><strong>Prasa<\/strong><br \/>\nNa pierwszym miejscu w\u015br\u00f3d najcz\u0119\u015bciej cytowanych tytu\u0142\u00f3w prasowych znalaz\u0142a si\u0119 Gazeta Wyborcza, wyprzedzaj\u0105c dziennik Rzeczpospolita oraz tygodnik Do Rzeczy.<\/p>\n<p><a href=\"https:\/\/mediarun.com\/wp-content\/uploads\/2015\/06\/imm2-mediarun-com.jpg\"><img decoding=\"async\" class=\"aligncenter size-full wp-image-156531\" src=\"https:\/\/mediarun.com\/wp-content\/uploads\/2015\/06\/imm2-mediarun-com.jpg\" alt=\"imm2-mediarun-com\" width=\"800\" height=\"800\" title=\"\" srcset=\"https:\/\/mediarun.com\/pl\/wp-content\/uploads\/2015\/06\/imm2-mediarun-com.jpg 960w, https:\/\/mediarun.com\/pl\/wp-content\/uploads\/2015\/06\/imm2-mediarun-com-700x700.jpg 700w\" sizes=\"(max-width: 800px) 100vw, 800px\" \/><\/a><\/p>\n<p>Czo\u0142\u00f3wk\u0119 najcz\u0119\u015bciej cytowanych tygodnik\u00f3w otwiera Do Rzeczy, co zwi\u0105zane by\u0142o z ujawnieniem przez tygodnik nowych zapis\u00f3w rozm\u00f3w w sprawie afery pods\u0142uchowej, tym razem pomi\u0119dzy minister Bie\u0144kowsk\u0105 a szefem CBA Paw\u0142em Wojtunikiem. Na kolejnych miejscach uplasowa\u0142 si\u0119 Newsweek oraz Wprost.<\/p>\n<p><a href=\"https:\/\/mediarun.com\/wp-content\/uploads\/2015\/06\/imm3-mediarun-com.jpg\"><img decoding=\"async\" class=\"aligncenter size-full wp-image-156532\" src=\"https:\/\/mediarun.com\/wp-content\/uploads\/2015\/06\/imm3-mediarun-com.jpg\" alt=\"imm3-mediarun-com\" width=\"800\" height=\"800\" title=\"\" srcset=\"https:\/\/mediarun.com\/pl\/wp-content\/uploads\/2015\/06\/imm3-mediarun-com.jpg 960w, https:\/\/mediarun.com\/pl\/wp-content\/uploads\/2015\/06\/imm3-mediarun-com-700x700.jpg 700w\" sizes=\"(max-width: 800px) 100vw, 800px\" \/><\/a><\/p>\n<p>Forbes ponownie zosta\u0142 liderem w swojej kategorii, pokonuj\u0105c Tw\u00f3j Styl, kt\u00f3rego wysoka pozycja podyktowana jest publikacj\u0105 wywiadu z Danut\u0105 Wa\u0142\u0119s\u0105 na temat \u017cycia u boku swojego m\u0119\u017ca &#8211; Lecha Wa\u0142\u0119sy.<\/p>\n<p><a href=\"https:\/\/mediarun.com\/wp-content\/uploads\/2015\/06\/imm4-mediarun-com.jpg\"><img loading=\"lazy\" decoding=\"async\" class=\"aligncenter size-full wp-image-156533\" src=\"https:\/\/mediarun.com\/wp-content\/uploads\/2015\/06\/imm4-mediarun-com.jpg\" alt=\"imm4-mediarun-com\" width=\"800\" height=\"800\" title=\"\" srcset=\"https:\/\/mediarun.com\/pl\/wp-content\/uploads\/2015\/06\/imm4-mediarun-com.jpg 960w, https:\/\/mediarun.com\/pl\/wp-content\/uploads\/2015\/06\/imm4-mediarun-com-700x700.jpg 700w\" sizes=\"(max-width: 800px) 100vw, 800px\" \/><\/a><\/p>\n<p><strong>Telewizja<\/strong><br \/>\nNa lidera w\u015br\u00f3d stacji telewizyjnych wysun\u0119\u0142a si\u0119 stacja TVN, nieznacznie wyprzedzaj\u0105c TVN24. Na podium znalaz\u0142o si\u0119 tak\u017ce TVP Info.<\/p>\n<p><a href=\"https:\/\/mediarun.com\/wp-content\/uploads\/2015\/06\/imm5-mediarun-com.jpg\"><img loading=\"lazy\" decoding=\"async\" class=\"aligncenter size-full wp-image-156534\" src=\"https:\/\/mediarun.com\/wp-content\/uploads\/2015\/06\/imm5-mediarun-com.jpg\" alt=\"imm5-mediarun-com\" width=\"800\" height=\"800\" title=\"\" srcset=\"https:\/\/mediarun.com\/pl\/wp-content\/uploads\/2015\/06\/imm5-mediarun-com.jpg 960w, https:\/\/mediarun.com\/pl\/wp-content\/uploads\/2015\/06\/imm5-mediarun-com-700x700.jpg 700w\" sizes=\"(max-width: 800px) 100vw, 800px\" \/><\/a><\/p>\n<p><strong>Radio<\/strong><br \/>\nRMF FM utrzyma\u0142o pozycj\u0119 dominuj\u0105c\u0105 w\u015br\u00f3d stacji radiowych, znacz\u0105co wyprzedzaj\u0105c konkurencj\u0119.<\/p>\n<p><a href=\"https:\/\/mediarun.com\/wp-content\/uploads\/2015\/06\/imm6-mediarun-com.jpg\"><img loading=\"lazy\" decoding=\"async\" class=\"aligncenter size-full wp-image-156535\" src=\"https:\/\/mediarun.com\/wp-content\/uploads\/2015\/06\/imm6-mediarun-com.jpg\" alt=\"imm6-mediarun-com\" width=\"800\" height=\"800\" title=\"\" srcset=\"https:\/\/mediarun.com\/pl\/wp-content\/uploads\/2015\/06\/imm6-mediarun-com.jpg 960w, https:\/\/mediarun.com\/pl\/wp-content\/uploads\/2015\/06\/imm6-mediarun-com-700x700.jpg 700w\" sizes=\"(max-width: 800px) 100vw, 800px\" \/><\/a><\/p>\n<p><strong>Portale internetowe<\/strong><br \/>\nNajpopularniejszym portalem w maju okaza\u0142 si\u0119 portal wpolityce.pl, przesuwaj\u0105c na kolejne miejsca sportowefakty.pl oraz onet.pl.<\/p>\n<p><a href=\"https:\/\/mediarun.com\/wp-content\/uploads\/2015\/06\/imm7-mediarun-com.jpg\"><img loading=\"lazy\" decoding=\"async\" class=\"aligncenter size-full wp-image-156536\" src=\"https:\/\/mediarun.com\/wp-content\/uploads\/2015\/06\/imm7-mediarun-com.jpg\" alt=\"imm7-mediarun-com\" width=\"800\" height=\"800\" title=\"\" srcset=\"https:\/\/mediarun.com\/pl\/wp-content\/uploads\/2015\/06\/imm7-mediarun-com.jpg 960w, https:\/\/mediarun.com\/pl\/wp-content\/uploads\/2015\/06\/imm7-mediarun-com-700x700.jpg 700w\" sizes=\"(max-width: 800px) 100vw, 800px\" \/><\/a><\/p>\n<p><strong>Media ekonomiczne<\/strong><br \/>\nDziennik Gazeta Prawna obroni\u0142a pierwsze miejsce w\u015br\u00f3d najcz\u0119\u015bciej cytowanych medi\u00f3w ekonomicznych, wyprzedzaj\u0105c Puls Biznesu oraz Forbes.<\/p>\n<p><a href=\"https:\/\/mediarun.com\/wp-content\/uploads\/2015\/06\/imm8-mediarun-com.jpg\"><img loading=\"lazy\" decoding=\"async\" class=\"aligncenter size-full wp-image-156537\" src=\"https:\/\/mediarun.com\/wp-content\/uploads\/2015\/06\/imm8-mediarun-com.jpg\" alt=\"imm8-mediarun-com\" width=\"800\" height=\"800\" title=\"\" srcset=\"https:\/\/mediarun.com\/pl\/wp-content\/uploads\/2015\/06\/imm8-mediarun-com.jpg 960w, https:\/\/mediarun.com\/pl\/wp-content\/uploads\/2015\/06\/imm8-mediarun-com-700x700.jpg 700w\" sizes=\"(max-width: 800px) 100vw, 800px\" \/><\/a><\/p>\n<p><strong>Media regionalne<\/strong><br \/>\nW\u015br\u00f3d medi\u00f3w regionalnych dominowa\u0142y cytaty z Radia Merkury, kt\u00f3re nieznacznie wyprzedzi\u0142o Radio Gda\u0144sk oraz dw\u00f3ch zdobywc\u00f3w trzeciego miejsca \u2013 Polska Dziennik Polski oraz Polsk\u0105 Gazet\u0119 Wroc\u0142awsk\u0105.<\/p>\n<p><a href=\"https:\/\/mediarun.com\/wp-content\/uploads\/2015\/06\/imm9-mediarun-com.jpg\"><img loading=\"lazy\" decoding=\"async\" class=\"aligncenter size-full wp-image-156538\" src=\"https:\/\/mediarun.com\/wp-content\/uploads\/2015\/06\/imm9-mediarun-com.jpg\" alt=\"imm9-mediarun-com\" width=\"800\" height=\"800\" title=\"\" srcset=\"https:\/\/mediarun.com\/pl\/wp-content\/uploads\/2015\/06\/imm9-mediarun-com.jpg 960w, https:\/\/mediarun.com\/pl\/wp-content\/uploads\/2015\/06\/imm9-mediarun-com-700x700.jpg 700w\" sizes=\"(max-width: 800px) 100vw, 800px\" \/><\/a><\/p>\n","protected":false},"excerpt":{"rendered":"Maj zosta\u0142 zdominowany przez tematyk\u0119 zwi\u0105zan\u0105 z kampani\u0105 wyborcz\u0105 oraz II tur\u0105 wybor\u00f3w prezydenckich. Na fotel lidera rankingu \u201eNajbardziej opiniotw\u00f3rczych medi\u00f3w\u201d powr\u00f3ci\u0142a Gazeta Wyborcza, wyprzedzaj\u0105c dziennik Rzeczpospolita  oraz stacj\u0119 TVN &#8211; wynika z najnowszego raportu Instytutu Monitorowania Medi\u00f3w.  Kolejne miejsca zaj\u0119\u0142a telewizja TVN24 oraz radio RMF FM.","protected":false},"author":6,"featured_media":152139,"comment_status":"open","ping_status":"closed","sticky":false,"template":"","format":"standard","meta":{"csco_display_header_overlay":false,"csco_singular_sidebar":"","csco_page_header_type":"","csco_page_load_nextpost":"","csco_post_video_location":[],"csco_post_video_location_hash":"","csco_post_video_url":"","csco_post_video_bg_start_time":0,"csco_post_video_bg_end_time":0,"footnotes":""},"categories":[9662,4702],"tags":[1026,3306,3422,4831,9671],"class_list":{"0":"post-156530","1":"post","2":"type-post","3":"status-publish","4":"format-standard","5":"has-post-thumbnail","7":"category-badania","8":"category-raporty","9":"tag-imm","10":"tag-prasa-2","11":"tag-radio-2","12":"tag-raporty","13":"tag-tv","14":"cs-entry","15":"cs-video-wrap"},"_links":{"self":[{"href":"https:\/\/mediarun.com\/pl\/wp-json\/wp\/v2\/posts\/156530","targetHints":{"allow":["GET"]}}],"collection":[{"href":"https:\/\/mediarun.com\/pl\/wp-json\/wp\/v2\/posts"}],"about":[{"href":"https:\/\/mediarun.com\/pl\/wp-json\/wp\/v2\/types\/post"}],"author":[{"embeddable":true,"href":"https:\/\/mediarun.com\/pl\/wp-json\/wp\/v2\/users\/6"}],"replies":[{"embeddable":true,"href":"https:\/\/mediarun.com\/pl\/wp-json\/wp\/v2\/comments?post=156530"}],"version-history":[{"count":0,"href":"https:\/\/mediarun.com\/pl\/wp-json\/wp\/v2\/posts\/156530\/revisions"}],"wp:featuredmedia":[{"embeddable":true,"href":"https:\/\/mediarun.com\/pl\/wp-json\/wp\/v2\/media\/152139"}],"wp:attachment":[{"href":"https:\/\/mediarun.com\/pl\/wp-json\/wp\/v2\/media?parent=156530"}],"wp:term":[{"taxonomy":"category","embeddable":true,"href":"https:\/\/mediarun.com\/pl\/wp-json\/wp\/v2\/categories?post=156530"},{"taxonomy":"post_tag","embeddable":true,"href":"https:\/\/mediarun.com\/pl\/wp-json\/wp\/v2\/tags?post=156530"}],"curies":[{"name":"wp","href":"https:\/\/api.w.org\/{rel}","templated":true}]}}