{"id":156192,"date":"2015-06-16T00:20:46","date_gmt":"2015-06-15T22:20:46","guid":{"rendered":"https:\/\/mediarun.com\/pl\/?p=156192"},"modified":"2015-06-16T00:46:00","modified_gmt":"2015-06-15T22:46:00","slug":"publicis-worldwide-wprowadza-nowe-logo","status":"publish","type":"post","link":"https:\/\/mediarun.com\/pl\/trendy\/branding\/publicis-worldwide-wprowadza-nowe-logo.html","title":{"rendered":"Publicis Worldwide wprowadza nowe logo"},"content":{"rendered":"<p>Na przestrzeni prawie 90 lat, agencja rozros\u0142a si\u0119 z dwupokojowej dzia\u0142alno\u015bci, w og\u00f3lno\u015bwiatowego giganta reklamy. Nowy wizerunek firmy \u0142\u0105czy tradycj\u0119 i innowacyjno\u015b\u0107 marki.<\/p>\n<p><a href=\"https:\/\/mediarun.com\/wp-content\/uploads\/2015\/06\/publicis-mediarun-com.jpg\"><img fetchpriority=\"high\" decoding=\"async\" class=\"alignnone  wp-image-156193\" src=\"https:\/\/mediarun.com\/wp-content\/uploads\/2015\/06\/publicis-mediarun-com.jpg\" alt=\"publicis-mediarun-com\" width=\"751\" height=\"413\" title=\"\"><\/a><\/p>\n<p>Stworzone przez oddzia\u0142 w Ameryce P\u00f3\u0142nocnej logo, ma by\u0107 inspiracj\u0105 i symbolem zmian zachodz\u0105cych w Publicis Worldwide. Nowy projekt ma b\u0119dzie wdra\u017cany ju\u017c w przysz\u0142ym miesi\u0105cu.<\/p>\n","protected":false},"excerpt":{"rendered":"Publicis Worldwide, agencja dzia\u0142aj\u0105ca w 84 krajach \u015bwiata, wprowadza nowe logo. Ma by\u0107 ono ho\u0142dem dla Marcela Bleustina, kt\u00f3ry w 1926 roku za\u0142o\u017cy\u0142 francusk\u0105 firm\u0119.","protected":false},"author":6,"featured_media":156194,"comment_status":"open","ping_status":"closed","sticky":false,"template":"","format":"standard","meta":{"csco_display_header_overlay":false,"csco_singular_sidebar":"","csco_page_header_type":"","csco_page_load_nextpost":"","csco_post_video_location":[],"csco_post_video_location_hash":"","csco_post_video_url":"","csco_post_video_bg_start_time":0,"csco_post_video_bg_end_time":0,"footnotes":""},"categories":[9658],"tags":[3151,1012,52],"class_list":{"0":"post-156192","1":"post","2":"type-post","3":"status-publish","4":"format-standard","5":"has-post-thumbnail","7":"category-branding","8":"tag-branding-2","9":"tag-logo","10":"tag-publicis","11":"cs-entry","12":"cs-video-wrap"},"_links":{"self":[{"href":"https:\/\/mediarun.com\/pl\/wp-json\/wp\/v2\/posts\/156192","targetHints":{"allow":["GET"]}}],"collection":[{"href":"https:\/\/mediarun.com\/pl\/wp-json\/wp\/v2\/posts"}],"about":[{"href":"https:\/\/mediarun.com\/pl\/wp-json\/wp\/v2\/types\/post"}],"author":[{"embeddable":true,"href":"https:\/\/mediarun.com\/pl\/wp-json\/wp\/v2\/users\/6"}],"replies":[{"embeddable":true,"href":"https:\/\/mediarun.com\/pl\/wp-json\/wp\/v2\/comments?post=156192"}],"version-history":[{"count":0,"href":"https:\/\/mediarun.com\/pl\/wp-json\/wp\/v2\/posts\/156192\/revisions"}],"wp:featuredmedia":[{"embeddable":true,"href":"https:\/\/mediarun.com\/pl\/wp-json\/wp\/v2\/media\/156194"}],"wp:attachment":[{"href":"https:\/\/mediarun.com\/pl\/wp-json\/wp\/v2\/media?parent=156192"}],"wp:term":[{"taxonomy":"category","embeddable":true,"href":"https:\/\/mediarun.com\/pl\/wp-json\/wp\/v2\/categories?post=156192"},{"taxonomy":"post_tag","embeddable":true,"href":"https:\/\/mediarun.com\/pl\/wp-json\/wp\/v2\/tags?post=156192"}],"curies":[{"name":"wp","href":"https:\/\/api.w.org\/{rel}","templated":true}]}}