{"id":156146,"date":"2015-06-15T12:11:47","date_gmt":"2015-06-15T10:11:47","guid":{"rendered":"https:\/\/mediarun.com\/pl\/?p=156146"},"modified":"2015-06-15T12:11:47","modified_gmt":"2015-06-15T10:11:47","slug":"biznesmama-z-dzieckiem-do-pracy-czemu-nie","status":"publish","type":"post","link":"https:\/\/mediarun.com\/pl\/trendy\/inspiracje\/biznesmama-z-dzieckiem-do-pracy-czemu-nie.html","title":{"rendered":"Biznesmama &#8211; z dzieckiem do pracy? Czemu nie!"},"content":{"rendered":"<p>Firmy, do kt\u00f3rych mo\u017cna przyj\u015b\u0107 do pracy z dzieckiem dzia\u0142aj\u0105 g\u0142\u00f3wnie w Stanach Zjednoczonych i w Wielkiej Brytanii. Mama lub tata mo\u017ce zabra\u0107 malucha do pracy i posadzi\u0107 go na kolanach, czy postawi\u0107 \u0142\u00f3\u017ceczko przy biurku. W biurze, gdzie jest specjalnie wydzielone pomieszczenie dla takich rodzic\u00f3w, gaworzenie i rozmowy dzieci nikomu postronnemu nie przeszkadzaj\u0105. Rodzice pracuj\u0105, jednocze\u015bnie opiekuj\u0105c si\u0119 dzie\u0107mi. W Polsce taki system pracy istnieje jedynie w niewielkich prywatnych firmach. G\u0142\u00f3wnie s\u0105 to jednak jednoosobowe dzia\u0142alno\u015bci prowadzone przez kobiety aktywne zawodowo, kt\u00f3re s\u0105 swoim w\u0142asnym szefem i chc\u0105 mie\u0107 mo\u017cliwo\u015b\u0107 decydowania o ilo\u015bci czasu sp\u0119dzanego z dzieckiem.<\/p>\n<p>\u2013 Dla ka\u017cdej mamy bardzo wa\u017cne jest, by sp\u0119dza\u0107 z dzieckiem jak najwi\u0119cej czasu. Dlatego jest ona w stanie wiele po\u015bwi\u0119ci\u0107, aby to by\u0142o mo\u017cliwe. Mo\u017ce b\u0119dzie mniej zarabia\u0107, ale za to nikt nie zabierze jej tych wyj\u0105tkowych chwil, kiedy dziecko zaczyna m\u00f3wi\u0107, chodzi\u0107 i ka\u017cdy dzie\u0144 wnosi co\u015b nowego do jego rozwoju &#8211; <strong>m\u00f3wi Alicja Szmigiel, ekspertka akcesori\u00f3w dzieci\u0119cych Baby Land<\/strong>, dystrybutora marki NUK w Polsce, kt\u00f3ra sama jest mam\u0105 siedmioletniej c\u00f3rki i pi\u0119cioletniego synka.<\/p>\n<p><strong>Lepiej z mam\u0105 ni\u017c z niani\u0105<\/strong><\/p>\n<p>Mo\u017cliwo\u015b\u0107 zabrania dziecka do pracy stworzy\u0142a sobie Agnieszka Kulinkowska, zak\u0142adaj\u0105c w\u0142asn\u0105 dzia\u0142alno\u015b\u0107. Jej pi\u0119cioletnia c\u00f3rka, od poniedzia\u0142ku do pi\u0105tku, po czasie sp\u0119dzonym w przedszkolu, jest z mam\u0105 w pracy. Ma tam swoje ma\u0142e biureczko, rysowanki, gry i zabawki. Jej mama jest bardzo zapracowana, ale zawsze znajdzie chwil\u0119 na przytulenie ma\u0142ej R\u00f3\u017cy i rozmow\u0119.  \u2013 Nie zawsze da si\u0119 pogodzi\u0107 prac\u0119 i opiek\u0119 nad dzieckiem w takiej sytuacji, ale widz\u0119, \u017ce R\u00f3\u017ca jest szcz\u0119\u015bliwsza tutaj ze mn\u0105, ni\u017c by\u0142aby sp\u0119dzaj\u0105c czas z niani\u0105 w domu. Czasem zagaduje mnie gdy rozmawiam z klientem przez telefon, ale najwa\u017cniejsze jest, \u017ceby wiedzia\u0142a, \u017ce pomimo takich chwil, w kt\u00f3rych mam sporo zaj\u0119\u0107, jestem dla niej nawet w pracy \u2013 <strong>m\u00f3wi Agnieszka Kulinkowska, za\u0142o\u017cycielka magazynu Together.<\/strong> Odk\u0105d c\u00f3rka towarzyszy jej w biurze, sp\u0119dzaj\u0105 wi\u0119cej czasu razem, bo nie widuj\u0105 si\u0119, jak wi\u0119kszo\u015b\u0107 zapracowanych rodzic\u00f3w z dzie\u0107mi &#8211; wy\u0142\u0105cznie w weekendy. \u2013 Od pocz\u0105tku wiedzia\u0142am \u017ce jedyn\u0105 mo\u017cliwo\u015bci\u0105 prowadzenia firmy maj\u0105c ma\u0142e dziecko jest stworzenie warunk\u00f3w do pracy razem z nim \u2013 dodaje.<\/p>\n<p>W niekt\u00f3rych firmach istniej\u0105 \u201ekluby malucha\u201d, czyli specjalne miejsca, gdzie przebywaj\u0105 dzieci, podczas gdy rodzice zajmuj\u0105 si\u0119 prac\u0105. Nie s\u0105 to jednak zak\u0142adowe przedszkola, a miejsca, gdzie dzie\u0107mi opiekuj\u0105 si\u0119 nianie, a rodzic w ka\u017cdej chwili mo\u017ce przyj\u015b\u0107 i spotka\u0107 si\u0119 z dzieckiem. Taka sytuacja w Polsce to jednak rzadko\u015b\u0107.<\/p>\n<p><strong>Gdy zabraknie babci<\/strong><\/p>\n<p>O wiele cz\u0119\u015bciej zdarza si\u0119, \u017ce mama pracuje w domu lub w biurze z dzieckiem w w\u00f3zku, na kolanach lub baraszkuj\u0105cym ko\u0142o biurka. Cz\u0119sto zmusza do tego sytuacja ekonomiczna rodzic\u00f3w lub brak babci, kt\u00f3ra zaopiekowa\u0142aby si\u0119 maluchem. Wymaga to wielu wyrzecze\u0144 ze strony rodzic\u00f3w, ale mimo to, udaje im si\u0119 to po\u0142\u0105czy\u0107 i znajduj\u0105 oni pozytywne strony takiej sytuacji. <\/p>\n<p>\u2013 Praca z dzieckiem na kolanach to naprawd\u0119 bardzo du\u017ce wyzwanie, kt\u00f3re wymaga perfekcyjnego zorganizowania, jednak dzi\u0119ki temu zyskuj\u0119 bezcenne chwile z dzieckiem \u2013 m\u00f3wi Joanna Knajdek, mama dwumiesi\u0119cznego synka, kt\u00f3ra wraz z m\u0119\u017cem prowadzi agencj\u0119 reklamow\u0105. Dodaje, \u017ce nie byliby w stanie zorganizowa\u0107 sobie pracy, gdyby nie gad\u017cety u\u0142atwiaj\u0105ce funkcjonowanie, w tym smoczek, kt\u00f3ry uspokaja dziecko. \u2013 Praca z dzieckiem na r\u0119ku jest ca\u0142kowicie inna. Maluch ma sw\u00f3j rytm, w kt\u00f3rym \u015bpi, je i potrzebuje kontaktu z mam\u0105. Wszystko co go otacza jest dla niego nowe, nieraz stresuj\u0105ce, dlatego skuteczny spos\u00f3b uspokajania jest na wag\u0119 z\u0142ota \u2013 m\u00f3wi Alicja Szmigiel. Ekspertka Baby Land dodaje, \u017ce w roli uspokajacza najlepiej sprawdzaj\u0105 si\u0119 obecnie smoczki, kt\u00f3re maj\u0105 anatomiczny kszta\u0142t przypominaj\u0105cy brodawk\u0119 piersiow\u0105 mamy. <\/p>\n<p><strong>Mama spe\u0142niona zawodowo <\/strong><\/p>\n<p>Zabieranie dziecka do pracy, czy praca z dzieckiem na r\u0119kach w domu, to coraz cz\u0119\u015bciej \u015bwiadomy wyb\u00f3r mam, dla kt\u00f3rych priorytetem jest pe\u0142ne uczestniczenie w rozwoju dziecka, a nie zajmowanie si\u0119 nim tylko w wolnym czasie. Taki wyb\u00f3r, na kt\u00f3ry decyduje si\u0119 coraz wi\u0119ksza ilo\u015b\u0107 kobiet, nie tylko pozwala im utrzyma\u0107 aktywno\u015b\u0107 zawodow\u0105, ale te\u017c lepiej organizowa\u0107 pozosta\u0142e sfery \u017cycia. Dzi\u0119ki czemu s\u0105 spe\u0142nione zar\u00f3wno w sferze zawodowej, jak i prywatnej i po prostu czuj\u0105 si\u0119 bardziej szcz\u0119\u015bliwe. A szcz\u0119\u015bliwa mama, to szcz\u0119\u015bliwe dziecko. <\/p>\n<p>Firmy, kt\u00f3re na Zachodzie oferuj\u0105 mamom prac\u0119 z dzie\u0107mi przy biurku ciesz\u0105 si\u0119 du\u017c\u0105 popularno\u015bci\u0105, najprawdopodobniej by\u0142oby tak tak\u017ce w Polsce. Najwi\u0119ksz\u0105 zalet\u0105 takiego systemu pracy jest spok\u00f3j rodzic\u00f3w, kt\u00f3rzy nie martwi\u0105 si\u0119 pozostawianiem dziecka pod opiek\u0105 kogo\u015b obcego i nie stresuj\u0105, \u017ce to nie oni sp\u0119dzaj\u0105 z nim czas.<\/p>\n","protected":false},"excerpt":{"rendered":"Na Zachodzie jest wiele firm, kt\u00f3re pozwalaj\u0105 na prac\u0119 z dzieckiem przy biurku. Czy w Polsce b\u0119dzie podobnie? Na razie na przychodzenie do pracy z dzie\u0107mi mog\u0105 sobie pozwoli\u0107 g\u0142\u00f3wnie w\u0142a\u015bcicielki ma\u0142ych biznes\u00f3w.","protected":false},"author":6,"featured_media":156147,"comment_status":"open","ping_status":"closed","sticky":false,"template":"","format":"standard","meta":{"csco_display_header_overlay":false,"csco_singular_sidebar":"","csco_page_header_type":"","csco_page_load_nextpost":"","csco_post_video_location":[],"csco_post_video_location_hash":"","csco_post_video_url":"","csco_post_video_bg_start_time":0,"csco_post_video_bg_end_time":0,"footnotes":""},"categories":[1],"tags":[6958,3142,6959,4622],"class_list":{"0":"post-156146","1":"post","2":"type-post","3":"status-publish","4":"format-standard","5":"has-post-thumbnail","7":"category-inspiracje","8":"tag-bizneswoman","9":"tag-inspiracje","10":"tag-joanna-knajdek","11":"tag-trendy","12":"cs-entry","13":"cs-video-wrap"},"_links":{"self":[{"href":"https:\/\/mediarun.com\/pl\/wp-json\/wp\/v2\/posts\/156146","targetHints":{"allow":["GET"]}}],"collection":[{"href":"https:\/\/mediarun.com\/pl\/wp-json\/wp\/v2\/posts"}],"about":[{"href":"https:\/\/mediarun.com\/pl\/wp-json\/wp\/v2\/types\/post"}],"author":[{"embeddable":true,"href":"https:\/\/mediarun.com\/pl\/wp-json\/wp\/v2\/users\/6"}],"replies":[{"embeddable":true,"href":"https:\/\/mediarun.com\/pl\/wp-json\/wp\/v2\/comments?post=156146"}],"version-history":[{"count":0,"href":"https:\/\/mediarun.com\/pl\/wp-json\/wp\/v2\/posts\/156146\/revisions"}],"wp:featuredmedia":[{"embeddable":true,"href":"https:\/\/mediarun.com\/pl\/wp-json\/wp\/v2\/media\/156147"}],"wp:attachment":[{"href":"https:\/\/mediarun.com\/pl\/wp-json\/wp\/v2\/media?parent=156146"}],"wp:term":[{"taxonomy":"category","embeddable":true,"href":"https:\/\/mediarun.com\/pl\/wp-json\/wp\/v2\/categories?post=156146"},{"taxonomy":"post_tag","embeddable":true,"href":"https:\/\/mediarun.com\/pl\/wp-json\/wp\/v2\/tags?post=156146"}],"curies":[{"name":"wp","href":"https:\/\/api.w.org\/{rel}","templated":true}]}}