{"id":155288,"date":"2015-05-26T09:17:13","date_gmt":"2015-05-26T07:17:13","guid":{"rendered":"https:\/\/mediarun.com\/pl\/?p=155288"},"modified":"2015-05-26T09:23:10","modified_gmt":"2015-05-26T07:23:10","slug":"nowy-seo-director-w-agencji-semtec","status":"publish","type":"post","link":"https:\/\/mediarun.com\/pl\/ludzie\/awanse\/nowy-seo-director-w-agencji-semtec.html","title":{"rendered":"Nowy SEO Director w agencji SEMTEC"},"content":{"rendered":"<p>Mariusz Radecki zajmuje si\u0119 pozycjonowaniem od 2009 roku. W SEMTEC-u jest od 2010, gdy rozpocz\u0105\u0142 prac\u0119 na stanowisku SEO Specialist. Nast\u0119pnie jako Senior SEO Specialist realizowa\u0142 kampanie SEO i obs\u0142ugiwa\u0142 kluczowych klient\u00f3w. Od roku 2013 za\u015b pe\u0142ni\u0142 funkcj\u0119 SEO Team Leadera, odpowiadaj\u0105c za zesp\u00f3\u0142 Account Management oraz pracuj\u0105c m.in. dla takich marek jak Allianz, BZ WBK oraz UPC.<\/p>\n<p>Od maja jako SEO Director Mariusz Radecki <strong>odpowiada za funkcjonowanie wszystkich dzia\u0142\u00f3w w gda\u0144skim oddziale<\/strong> <strong>sp\u00f3\u0142ki SEMTEC <\/strong>oraz optymalizacj\u0119 proces\u00f3w, rozw\u00f3j technik pozycjonowania oraz nowych narz\u0119dzi.<\/p>\n<p><em>\u2013 Rozw\u00f3j wewn\u0119trznych proces\u00f3w technicznych to kluczowy cel na najbli\u017csze miesi\u0105ce \u2013 pozwoli nam to \u015bwiadczy\u0107 us\u0142ugi SEO na jeszcze wy\u017cszym poziomie<\/em> \u2013 m\u00f3wi Mariusz Radecki.<\/p>\n","protected":false},"excerpt":{"rendered":"Mariusz Radecki obj\u0105\u0142 stanowisko SEO Directora w agencji SEMTEC, sp\u00f3\u0142ce portfelowej Cube Group.","protected":false},"author":6,"featured_media":155289,"comment_status":"open","ping_status":"closed","sticky":false,"template":"","format":"standard","meta":{"csco_display_header_overlay":false,"csco_singular_sidebar":"","csco_page_header_type":"","csco_page_load_nextpost":"","csco_post_video_location":[],"csco_post_video_location_hash":"","csco_post_video_url":"","csco_post_video_bg_start_time":0,"csco_post_video_bg_end_time":0,"footnotes":""},"categories":[9678],"tags":[365,6770,6769,3564],"class_list":{"0":"post-155288","1":"post","2":"type-post","3":"status-publish","4":"format-standard","5":"has-post-thumbnail","7":"category-awanse","8":"tag-cube-group","9":"tag-mariusz-radecki","10":"tag-semtec","11":"tag-seo","12":"cs-entry","13":"cs-video-wrap"},"_links":{"self":[{"href":"https:\/\/mediarun.com\/pl\/wp-json\/wp\/v2\/posts\/155288","targetHints":{"allow":["GET"]}}],"collection":[{"href":"https:\/\/mediarun.com\/pl\/wp-json\/wp\/v2\/posts"}],"about":[{"href":"https:\/\/mediarun.com\/pl\/wp-json\/wp\/v2\/types\/post"}],"author":[{"embeddable":true,"href":"https:\/\/mediarun.com\/pl\/wp-json\/wp\/v2\/users\/6"}],"replies":[{"embeddable":true,"href":"https:\/\/mediarun.com\/pl\/wp-json\/wp\/v2\/comments?post=155288"}],"version-history":[{"count":0,"href":"https:\/\/mediarun.com\/pl\/wp-json\/wp\/v2\/posts\/155288\/revisions"}],"wp:featuredmedia":[{"embeddable":true,"href":"https:\/\/mediarun.com\/pl\/wp-json\/wp\/v2\/media\/155289"}],"wp:attachment":[{"href":"https:\/\/mediarun.com\/pl\/wp-json\/wp\/v2\/media?parent=155288"}],"wp:term":[{"taxonomy":"category","embeddable":true,"href":"https:\/\/mediarun.com\/pl\/wp-json\/wp\/v2\/categories?post=155288"},{"taxonomy":"post_tag","embeddable":true,"href":"https:\/\/mediarun.com\/pl\/wp-json\/wp\/v2\/tags?post=155288"}],"curies":[{"name":"wp","href":"https:\/\/api.w.org\/{rel}","templated":true}]}}