{"id":15499,"date":"2011-06-09T13:57:33","date_gmt":"2011-06-09T11:57:33","guid":{"rendered":"https:\/\/mediarun.com\/index.php\/news-posts\/sztabinska-zastepca-redaktora-naczelnego-dgp\/"},"modified":"2015-03-17T11:30:17","modified_gmt":"2015-03-17T11:30:17","slug":"sztabinska-zastepca-redaktora-naczelnego-dgp","status":"publish","type":"post","link":"https:\/\/mediarun.com\/pl\/ludzie\/kariera\/sztabinska-zastepca-redaktora-naczelnego-dgp.html","title":{"rendered":"Sztabi\u0144ska zast\u0119pc\u0105 redaktora naczelnego DGP"},"content":{"rendered":"<p>&#8211; To silne wsparcie dla DGP, dla ambitnych plan&oacute;w lepszego wykorzystania naszych kompetencji, tworzenia nowych projekt&oacute;w. Poza tym, dobrze jest mie\u0107 ko\u0142o siebie tak pogodn\u0105 i zara\u017caj\u0105ca pozytywn\u0105 energi\u0105 osob\u0119 &#8211; m&oacute;wi Tomasz Wr&oacute;blewski redaktor naczelny DGP.<\/p>\n<p>Jadwiga Sztabi\u0144ska ostatnio zwi\u0105zana by\u0142a z dzia\u0142em prawa w Rzeczpospolitej, gdzie  odpowiada\u0142a za prawo pracy i ubezpiecze\u0144 spo\u0142ecznych (2009-2011).<\/p>\n<p>W latach 1995-2005 pracowa\u0142a w Grupie Infor m.in. na stanowisku redaktora naczelnego tygodnika Prawo Przedsi\u0119biorcy i zast\u0119pcy redaktora naczelnego Gazety Prawnej.<\/p>\n","protected":false},"excerpt":{"rendered":"1 lipca br. do zespo\u0142u Dziennika Gazety Prawnej do\u0142\u0105czy Jadwiga Sztabi\u0144ska. Obejmie stanowisko I zast\u0119pcy redaktora naczelnego.","protected":false},"author":1,"featured_media":15500,"comment_status":"open","ping_status":"closed","sticky":false,"template":"","format":"standard","meta":{"csco_display_header_overlay":false,"csco_singular_sidebar":"","csco_page_header_type":"","csco_page_load_nextpost":"","csco_post_video_location":[],"csco_post_video_location_hash":"","csco_post_video_url":"","csco_post_video_bg_start_time":0,"csco_post_video_bg_end_time":0,"footnotes":""},"categories":[5909],"tags":[1268,1235],"class_list":{"0":"post-15499","1":"post","2":"type-post","3":"status-publish","4":"format-standard","5":"has-post-thumbnail","7":"category-kariera","8":"tag-dziennik-gazeta-prawna","9":"tag-infor","10":"cs-entry","11":"cs-video-wrap"},"_links":{"self":[{"href":"https:\/\/mediarun.com\/pl\/wp-json\/wp\/v2\/posts\/15499","targetHints":{"allow":["GET"]}}],"collection":[{"href":"https:\/\/mediarun.com\/pl\/wp-json\/wp\/v2\/posts"}],"about":[{"href":"https:\/\/mediarun.com\/pl\/wp-json\/wp\/v2\/types\/post"}],"author":[{"embeddable":true,"href":"https:\/\/mediarun.com\/pl\/wp-json\/wp\/v2\/users\/1"}],"replies":[{"embeddable":true,"href":"https:\/\/mediarun.com\/pl\/wp-json\/wp\/v2\/comments?post=15499"}],"version-history":[{"count":0,"href":"https:\/\/mediarun.com\/pl\/wp-json\/wp\/v2\/posts\/15499\/revisions"}],"wp:featuredmedia":[{"embeddable":true,"href":"https:\/\/mediarun.com\/pl\/wp-json\/wp\/v2\/media\/15500"}],"wp:attachment":[{"href":"https:\/\/mediarun.com\/pl\/wp-json\/wp\/v2\/media?parent=15499"}],"wp:term":[{"taxonomy":"category","embeddable":true,"href":"https:\/\/mediarun.com\/pl\/wp-json\/wp\/v2\/categories?post=15499"},{"taxonomy":"post_tag","embeddable":true,"href":"https:\/\/mediarun.com\/pl\/wp-json\/wp\/v2\/tags?post=15499"}],"curies":[{"name":"wp","href":"https:\/\/api.w.org\/{rel}","templated":true}]}}