{"id":154953,"date":"2015-05-19T11:50:44","date_gmt":"2015-05-19T09:50:44","guid":{"rendered":"https:\/\/mediarun.com\/pl\/?p=154953"},"modified":"2015-05-19T12:11:31","modified_gmt":"2015-05-19T10:11:31","slug":"debata-prezydencka-reakcje-widzow-galeria","status":"publish","type":"post","link":"https:\/\/mediarun.com\/pl\/marketing\/debata-prezydencka-reakcje-widzow-galeria.html","title":{"rendered":"Debata prezydencka &#8211; reakcje widz\u00f3w (galeria)"},"content":{"rendered":"<p>Debat\u0119 kandydat\u00f3w na urz\u0105d Prezydenta RP &#8211; Bronis\u0142awa Komorowskiego i Andrzeja Dudy ogl\u0105da\u0142o prawie 10,6 mln zgromadzonych przed telewizorami widz\u00f3w, z czego 7 750 tys. widz\u00f3w na antenach TVP1, TVP Info i TVP Polonia, a 2 840 tys. w Polsacie i Polsat News.<\/p>\n<p>To by\u0142o pierwsze i najwa\u017cniejsze jak dotychczas spotkanie kandydat\u00f3w ubiegaj\u0105cych si\u0119 o najwy\u017cszy urz\u0105d w pa\u0144stwie. 80 minutowa debata by\u0142a podzielona na 5 cz\u0119\u015bci: polityki zagranicznej i bezpiecze\u0144stwa, gospodarki i polityki spo\u0142ecznej, spraw ustrojowych, wizji pa\u0144stwa oraz pyta\u0144 do rywala.<\/p>\n<p>Niedzielna debata to wsp\u00f3lne przedsi\u0119wzi\u0119cie Telewizji Polskiej i Polsatu, Telewizja Polska by\u0142a gospodarzem debaty, Telewizja Polsat wsp\u00f3\u0142gospodarzem. Telewizja TVN o wydarzeniu natomiast nawet nie wspomnia\u0142a.<\/p>\n<p>Z regu\u0142y opinie specjalist\u00f3w zgadzaj\u0105 si\u0119 co do tego, \u017ce wynik debaty by\u0142 wyr\u00f3wnany z nieznaczn\u0105 przewag\u0105 na korzy\u015b\u0107 obecnego prezydenta. Cz\u0119\u015b\u0107 publicyst\u00f3w postanowi\u0142a na swoich portalach spo\u0142eczno\u015bciowych wyra\u017anie poprze\u0107 faworyt\u00f3w:<\/p>\n<p><a href=\"https:\/\/mediarun.com\/wp-content\/uploads\/2015\/05\/podebacie-mediarun-com.jpg\"><img fetchpriority=\"high\" decoding=\"async\" class=\"alignnone  wp-image-154965\" src=\"https:\/\/mediarun.com\/wp-content\/uploads\/2015\/05\/podebacie-mediarun-com.jpg\" alt=\"podebacie-mediarun-com\" width=\"500\" height=\"1204\" title=\"\" srcset=\"https:\/\/mediarun.com\/pl\/wp-content\/uploads\/2015\/05\/podebacie-mediarun-com.jpg 533w, https:\/\/mediarun.com\/pl\/wp-content\/uploads\/2015\/05\/podebacie-mediarun-com-291x700.jpg 291w\" sizes=\"(max-width: 500px) 100vw, 500px\" \/><\/a><\/p>\n<p>Widzowie postanowili potraktowa\u0107 debat\u0119 z przymru\u017ceniem oka i jak zwykle w postaci mem\u00f3w wytkn\u0119li wpadki obu kandydat\u00f3w:<\/p>\n<p><a href=\"https:\/\/mediarun.com\/wp-content\/uploads\/2015\/05\/memy-debata-mediarun-com-1.jpg\"><img decoding=\"async\" class=\"alignnone  wp-image-154955\" src=\"https:\/\/mediarun.com\/wp-content\/uploads\/2015\/05\/memy-debata-mediarun-com-1.jpg\" alt=\"memy-debata-mediarun-com (1)\" width=\"701\" height=\"453\" title=\"\"><\/a><\/p>\n<p><a href=\"https:\/\/mediarun.com\/wp-content\/uploads\/2015\/05\/memy-debata-mediarun-com-2.jpg\"><img decoding=\"async\" class=\"alignnone  wp-image-154956\" src=\"https:\/\/mediarun.com\/wp-content\/uploads\/2015\/05\/memy-debata-mediarun-com-2.jpg\" alt=\"memy-debata-mediarun-com (2)\" width=\"699\" height=\"492\" title=\"\"><\/a><\/p>\n<p><a href=\"https:\/\/mediarun.com\/wp-content\/uploads\/2015\/05\/memy-debata-mediarun-com-3.jpg\"><img loading=\"lazy\" decoding=\"async\" class=\"alignnone  wp-image-154957\" src=\"https:\/\/mediarun.com\/wp-content\/uploads\/2015\/05\/memy-debata-mediarun-com-3.jpg\" alt=\"memy-debata-mediarun-com (3)\" width=\"700\" height=\"494\" title=\"\"><\/a><\/p>\n<p><a href=\"https:\/\/mediarun.com\/wp-content\/uploads\/2015\/05\/memy-debata-mediarun-com-4.jpg\"><img loading=\"lazy\" decoding=\"async\" class=\"alignnone  wp-image-154958\" src=\"https:\/\/mediarun.com\/wp-content\/uploads\/2015\/05\/memy-debata-mediarun-com-4.jpg\" alt=\"memy-debata-mediarun-com (4)\" width=\"700\" height=\"670\" title=\"\"><\/a><\/p>\n<p><a href=\"https:\/\/mediarun.com\/wp-content\/uploads\/2015\/05\/memy-debata-mediarun-com-5.jpg\"><img loading=\"lazy\" decoding=\"async\" class=\"alignnone  wp-image-154959\" src=\"https:\/\/mediarun.com\/wp-content\/uploads\/2015\/05\/memy-debata-mediarun-com-5.jpg\" alt=\"memy-debata-mediarun-com (5)\" width=\"700\" height=\"562\" title=\"\"><\/a><\/p>\n<p><a href=\"https:\/\/mediarun.com\/wp-content\/uploads\/2015\/05\/memy-debata-mediarun-com-6.jpg\"><img loading=\"lazy\" decoding=\"async\" class=\"alignnone  wp-image-154960\" src=\"https:\/\/mediarun.com\/wp-content\/uploads\/2015\/05\/memy-debata-mediarun-com-6.jpg\" alt=\"memy-debata-mediarun-com (6)\" width=\"701\" height=\"543\" title=\"\"><\/a><\/p>\n<p><a href=\"https:\/\/mediarun.com\/wp-content\/uploads\/2015\/05\/memy-debata-mediarun-com-7.jpg\"><img loading=\"lazy\" decoding=\"async\" class=\"alignnone  wp-image-154961\" src=\"https:\/\/mediarun.com\/wp-content\/uploads\/2015\/05\/memy-debata-mediarun-com-7.jpg\" alt=\"memy-debata-mediarun-com (7)\" width=\"700\" height=\"1009\" title=\"\" srcset=\"https:\/\/mediarun.com\/pl\/wp-content\/uploads\/2015\/05\/memy-debata-mediarun-com-7.jpg 557w, https:\/\/mediarun.com\/pl\/wp-content\/uploads\/2015\/05\/memy-debata-mediarun-com-7-486x700.jpg 486w\" sizes=\"(max-width: 700px) 100vw, 700px\" \/><\/a><\/p>\n<p><a href=\"https:\/\/mediarun.com\/wp-content\/uploads\/2015\/05\/memy-debata-mediarun-com-8.jpg\"><img loading=\"lazy\" decoding=\"async\" class=\"alignnone  wp-image-154962\" src=\"https:\/\/mediarun.com\/wp-content\/uploads\/2015\/05\/memy-debata-mediarun-com-8.jpg\" alt=\"memy-debata-mediarun-com (8)\" width=\"700\" height=\"749\" title=\"\"><\/a><\/p>\n<p><a href=\"https:\/\/mediarun.com\/wp-content\/uploads\/2015\/05\/memy-debata-mediarun-com-9.jpg\"><img loading=\"lazy\" decoding=\"async\" class=\"alignnone  wp-image-154963\" src=\"https:\/\/mediarun.com\/wp-content\/uploads\/2015\/05\/memy-debata-mediarun-com-9.jpg\" alt=\"memy-debata-mediarun-com (9)\" width=\"701\" height=\"552\" title=\"\"><\/a><\/p>\n","protected":false},"excerpt":{"rendered":"Ogl\u0105dalno\u015b\u0107 niedzielnej debaty by\u0142a rekordowa. Bezpo\u015brednie starcie dw\u00f3ch kandydat\u00f3w na urz\u0105d Prezydenta RP ogl\u0105da\u0142o na antenach Telewizji Polskiej i Telewizji Polsat niemal 2\/3 Polak\u00f3w zgromadzonych przed telewizorami.","protected":false},"author":6,"featured_media":154954,"comment_status":"open","ping_status":"closed","sticky":false,"template":"","format":"standard","meta":{"csco_display_header_overlay":false,"csco_singular_sidebar":"","csco_page_header_type":"","csco_page_load_nextpost":"","csco_post_video_location":[],"csco_post_video_location_hash":"","csco_post_video_url":"","csco_post_video_bg_start_time":0,"csco_post_video_bg_end_time":0,"footnotes":""},"categories":[9639],"tags":[6713,6716,6715,5001,6714,392],"class_list":{"0":"post-154953","1":"post","2":"type-post","3":"status-publish","4":"format-standard","5":"has-post-thumbnail","7":"category-marketing","8":"tag-debata","9":"tag-duda","10":"tag-komorowski","11":"tag-pkb","12":"tag-prezydent","13":"tag-tvp","14":"cs-entry","15":"cs-video-wrap"},"_links":{"self":[{"href":"https:\/\/mediarun.com\/pl\/wp-json\/wp\/v2\/posts\/154953","targetHints":{"allow":["GET"]}}],"collection":[{"href":"https:\/\/mediarun.com\/pl\/wp-json\/wp\/v2\/posts"}],"about":[{"href":"https:\/\/mediarun.com\/pl\/wp-json\/wp\/v2\/types\/post"}],"author":[{"embeddable":true,"href":"https:\/\/mediarun.com\/pl\/wp-json\/wp\/v2\/users\/6"}],"replies":[{"embeddable":true,"href":"https:\/\/mediarun.com\/pl\/wp-json\/wp\/v2\/comments?post=154953"}],"version-history":[{"count":0,"href":"https:\/\/mediarun.com\/pl\/wp-json\/wp\/v2\/posts\/154953\/revisions"}],"wp:featuredmedia":[{"embeddable":true,"href":"https:\/\/mediarun.com\/pl\/wp-json\/wp\/v2\/media\/154954"}],"wp:attachment":[{"href":"https:\/\/mediarun.com\/pl\/wp-json\/wp\/v2\/media?parent=154953"}],"wp:term":[{"taxonomy":"category","embeddable":true,"href":"https:\/\/mediarun.com\/pl\/wp-json\/wp\/v2\/categories?post=154953"},{"taxonomy":"post_tag","embeddable":true,"href":"https:\/\/mediarun.com\/pl\/wp-json\/wp\/v2\/tags?post=154953"}],"curies":[{"name":"wp","href":"https:\/\/api.w.org\/{rel}","templated":true}]}}