{"id":1544,"date":"2013-05-15T12:02:24","date_gmt":"2013-05-15T10:02:24","guid":{"rendered":"https:\/\/mediarun.com\/index.php\/news-posts\/wizja-jednej-polski-ze-szlachetna-paczka\/"},"modified":"2013-05-15T12:02:24","modified_gmt":"2013-05-15T10:02:24","slug":"wizja-jednej-polski-ze-szlachetna-paczka","status":"publish","type":"post","link":"https:\/\/mediarun.com\/pl\/media\/tv\/wizja-jednej-polski-ze-szlachetna-paczka.html","title":{"rendered":"Wizja jednej Polski ze Szlachetn\u0105 paczk\u0105"},"content":{"rendered":"<p>Spot otwiera kampani\u0119 na rzecz jednoczenia Polski, kt&oacute;rej celem jest przedstawienie idei Szlachetnej paczki i pozyskanie finansowania kolejnej edycji projektu. Film zaczyna si\u0119 intymnym wyzwaniem, a ko\u0144czy wbiciem sztandaru Szlachetnej paczki w map\u0119 Polski, dok\u0142adnie w miejscu, w kt&oacute;rym le\u017cy Krak&oacute;w.<\/p>\n<p>W\u0142a\u015bnie tu zacz\u0119\u0142a si\u0119 Szlachetna Paczka i st\u0105d promieniuje na ca\u0142\u0105 map\u0119 Polski. Ko\u0144cowe uj\u0119cie symbolizuje Polsk\u0119 po\u0142\u0105czon\u0105 krwioobiegiem Szlachetnej paczki, kt&oacute;ra \u0142\u0105czy ludzi.<\/p>\n<p>&#8211; Dzi\u015b rozstrzygaj\u0105 si\u0119 losy Polski jako kraju i spo\u0142ecze\u0144stwa obywatelskiego. Dzi\u015b wa\u017cy si\u0119 wielko\u015b\u0107 Szlachetnej paczki &#8211; ilu zrekrutujemy i przeszkolimy wolontariuszy, do ilu rodzin potrzebuj\u0105cych dotrzemy, aby zdiagnozowa\u0107 ich potrzeby, a nast\u0119pnie po\u0142\u0105czy\u0107 ich z darczy\u0144cami w m\u0105drej pomocy &#8211; zapowiada Jakub Marczy\u0144ski, Dyrektor Kreatywny Stowarzyszenia Wiosna.<\/p>\n<p>&#8211; Przez najbli\u017csze tygodnie to obywatele wielko\u015bci\u0105 swojego zaanga\u017cowania zdecyduj\u0105 o wielko\u015bci Szlachetnej paczki. Spot ma im u\u0142atwi\u0107 podj\u0119cie decyzji o zaanga\u017cowaniu w nasz projekt &#8211; t\u0142umaczy Marczy\u0144ski.<\/p>\n<p>13 lat temu podczas pierwszej edycji Paczki grupa krakowskich student&oacute;w prowadzonych przez Ksi\u0119dza Jacka Stryczka odnalaz\u0142a i obdarowa\u0142a 30 ubogich rodzin. Dzi\u015b projekt ma zasi\u0119g og&oacute;lnopolski, organizowany jest w blisko 500 lokalizacjach w ca\u0142ej Polsce.<\/p>\n<p>W roku 2013 dzi\u0119ki pracy 8000 wolontariuszy Szlachetna paczka dotar\u0142a i przebada\u0142a potrzeby ponad 13000 rodzin.  Paczli pomoc dla jednej rodziny nios\u0142y grupy darczy\u0144c&oacute;w licz\u0105cych \u015brednio 17 os&oacute;b. W ten spos&oacute;b w pomaganiu drugiemu cz\u0142owiekowi spotka\u0142o si\u0119 w sumie blisko 300 000 os&oacute;b. Dzi\u0119ki zaanga\u017cowaniu darczy\u0144c&oacute;w w tworzenie paczek \u0142\u0105czna warto\u015b\u0107 pomocy przekazanej potrzebuj\u0105cym przekroczy\u0142a kwot\u0119 22 mln z\u0142otych &#8211; co oznacza, \u017ce jedna rodzina zosta\u0142a obdarowana prezentami o \u015bredniej warto\u015bci 1800 z\u0142.<\/p>\n<p>&#8211; Najbli\u017cszy kwarta\u0142 to czas podejmowania decyzji o wielko\u015bci projektu w tym roku. &#8211; Ka\u017cd\u0105 z\u0142ot&oacute;wk\u0119 potrafimy pomno\u017cy\u0107 dziesi\u0119\u0107 razy &#8211; w ubieg\u0142ym roku dwumilionowy bud\u017cet da\u0142 ponad 20 mln bezpo\u015bredniej pomocy. Dzi\u015b ka\u017cda wp\u0142ata oznacza dla nas impuls do jednoczenia Polski na jeszcze wi\u0119ksz\u0105 skal\u0119   &#8211; m&oacute;wi ks. Jacek Stryczek.<\/p>\n<p>Spot jest kontynuacja narracji bohaterskich wyzwa\u0144, dru\u017cynowo\u015bci, przekraczania siebie. Podobnie jak w poprzednich latach nad scenariuszem pracowa\u0142a krakowska Agencja OPUS B, produkcyjnie opiek\u0119 roztoczy\u0142a nad Stowarzyszeniem Alvernia Studios i Magdalena Valencia, re\u017cyserem i operatorem by\u0142 Micha\u0142 Jaskulski. Kampania zak\u0142ada aktywno\u015bci telewizyjne, prasowe i internetowe. Spoty od 15 maja b\u0119dzie mo\u017cna zobaczy\u0107 na antenie stacji telewizyjnych.<\/p>\n","protected":false},"excerpt":{"rendered":"Jestem ksi\u0119dzem i przyznam si\u0119 wam, \u017ce kocham&#8230; ludzi bogatych &#8211; tak rozpoczyna si\u0119 spot Szlachetnej paczki, w kt&oacute;rym ks. Jacek Wiosna Stryczek przedstawia nowy pomys\u0142 na jednoczenie Polak&oacute;w.","protected":false},"author":1,"featured_media":1545,"comment_status":"open","ping_status":"closed","sticky":false,"template":"","format":"standard","meta":{"csco_display_header_overlay":false,"csco_singular_sidebar":"","csco_page_header_type":"","csco_page_load_nextpost":"","csco_post_video_location":[],"csco_post_video_location_hash":"","csco_post_video_url":"","csco_post_video_bg_start_time":0,"csco_post_video_bg_end_time":0,"footnotes":""},"categories":[9670],"tags":[211],"class_list":{"0":"post-1544","1":"post","2":"type-post","3":"status-publish","4":"format-standard","5":"has-post-thumbnail","7":"category-tv","8":"tag-szlachetna-paczka","9":"cs-entry","10":"cs-video-wrap"},"_links":{"self":[{"href":"https:\/\/mediarun.com\/pl\/wp-json\/wp\/v2\/posts\/1544","targetHints":{"allow":["GET"]}}],"collection":[{"href":"https:\/\/mediarun.com\/pl\/wp-json\/wp\/v2\/posts"}],"about":[{"href":"https:\/\/mediarun.com\/pl\/wp-json\/wp\/v2\/types\/post"}],"author":[{"embeddable":true,"href":"https:\/\/mediarun.com\/pl\/wp-json\/wp\/v2\/users\/1"}],"replies":[{"embeddable":true,"href":"https:\/\/mediarun.com\/pl\/wp-json\/wp\/v2\/comments?post=1544"}],"version-history":[{"count":0,"href":"https:\/\/mediarun.com\/pl\/wp-json\/wp\/v2\/posts\/1544\/revisions"}],"wp:featuredmedia":[{"embeddable":true,"href":"https:\/\/mediarun.com\/pl\/wp-json\/wp\/v2\/media\/1545"}],"wp:attachment":[{"href":"https:\/\/mediarun.com\/pl\/wp-json\/wp\/v2\/media?parent=1544"}],"wp:term":[{"taxonomy":"category","embeddable":true,"href":"https:\/\/mediarun.com\/pl\/wp-json\/wp\/v2\/categories?post=1544"},{"taxonomy":"post_tag","embeddable":true,"href":"https:\/\/mediarun.com\/pl\/wp-json\/wp\/v2\/tags?post=1544"}],"curies":[{"name":"wp","href":"https:\/\/api.w.org\/{rel}","templated":true}]}}