{"id":15417,"date":"2011-06-13T15:40:40","date_gmt":"2011-06-13T13:40:40","guid":{"rendered":"https:\/\/mediarun.com\/index.php\/news-posts\/radio-zet-i-dwojka-ruszaja-w-trase-koncertowa\/"},"modified":"2011-06-13T15:40:40","modified_gmt":"2011-06-13T13:40:40","slug":"radio-zet-i-dwojka-ruszaja-w-trase-koncertowa","status":"publish","type":"post","link":"https:\/\/mediarun.com\/pl\/media\/tv\/radio-zet-i-dwojka-ruszaja-w-trase-koncertowa.html","title":{"rendered":"Radio Zet i Dw\u00f3jka ruszaj\u0105 w tras\u0119 koncertow\u0105"},"content":{"rendered":"<p>Wakacyjne koncerty w ramach trasy &#8222;Lato Zet i Dw&oacute;jki&#8221; odb\u0119d\u0105 si\u0119 w Zielonej G&oacute;rze (26 czerwca, transmisja w TVP2 od godz. 21.10), Opolu (3 lipca), a tak\u017ce w \u0141odzi (31 lipca).<\/p>\n<p>Podczas pierwszego koncertu, w zielonog&oacute;rskim amfiteatrze, wyst\u0105pi\u0105 gwiazdy polskiej oraz zagranicznej sceny muzycznej. Najgor\u0119tsze przeboje lata wykonaj\u0105 m.in. Edyta G&oacute;rniak, Afromental, Kasia Cerekwicka, zesp&oacute;\u0142 Blue Cafe, Mrozu, Kate Rayan oraz Sunrise Avenue.<\/p>\n<p>Na koncertach pojawi si\u0119 tak\u017ce Urszula Dudziak razem z szesnastoosobowym zespo\u0142em z programu &#8222;Bitwa na g\u0142osy&#8221;, a tak\u017ce zesp&oacute;l Chemia.<\/p>\n<p>W trakcie ka\u017cdego koncertu, widzowie  w g\u0142osowaniu sms b\u0119d\u0105 mogli wybra\u0107 najwi\u0119kszy przeb&oacute;j danego wieczoru.<\/p>\n<p>Koncerty poprowadz\u0105 Tomasz Kammel z TVP2 oraz Marek Starybrat z Radia Zet.<\/p>\n","protected":false},"excerpt":{"rendered":"Wsp&oacute;lna trasa koncertowa &#8222;Lato Zet i Dw&oacute;jki&#8221; rozpocznie si\u0119 26 czerwca w Zielonej G&oacute;rze.","protected":false},"author":1,"featured_media":15418,"comment_status":"open","ping_status":"closed","sticky":false,"template":"","format":"standard","meta":{"csco_display_header_overlay":false,"csco_singular_sidebar":"","csco_page_header_type":"","csco_page_load_nextpost":"","csco_post_video_location":[],"csco_post_video_location_hash":"","csco_post_video_url":"","csco_post_video_bg_start_time":0,"csco_post_video_bg_end_time":0,"footnotes":""},"categories":[9670],"tags":[504,610],"class_list":{"0":"post-15417","1":"post","2":"type-post","3":"status-publish","4":"format-standard","5":"has-post-thumbnail","7":"category-tv","8":"tag-radio-zet","9":"tag-tvp2","10":"cs-entry","11":"cs-video-wrap"},"_links":{"self":[{"href":"https:\/\/mediarun.com\/pl\/wp-json\/wp\/v2\/posts\/15417","targetHints":{"allow":["GET"]}}],"collection":[{"href":"https:\/\/mediarun.com\/pl\/wp-json\/wp\/v2\/posts"}],"about":[{"href":"https:\/\/mediarun.com\/pl\/wp-json\/wp\/v2\/types\/post"}],"author":[{"embeddable":true,"href":"https:\/\/mediarun.com\/pl\/wp-json\/wp\/v2\/users\/1"}],"replies":[{"embeddable":true,"href":"https:\/\/mediarun.com\/pl\/wp-json\/wp\/v2\/comments?post=15417"}],"version-history":[{"count":0,"href":"https:\/\/mediarun.com\/pl\/wp-json\/wp\/v2\/posts\/15417\/revisions"}],"wp:featuredmedia":[{"embeddable":true,"href":"https:\/\/mediarun.com\/pl\/wp-json\/wp\/v2\/media\/15418"}],"wp:attachment":[{"href":"https:\/\/mediarun.com\/pl\/wp-json\/wp\/v2\/media?parent=15417"}],"wp:term":[{"taxonomy":"category","embeddable":true,"href":"https:\/\/mediarun.com\/pl\/wp-json\/wp\/v2\/categories?post=15417"},{"taxonomy":"post_tag","embeddable":true,"href":"https:\/\/mediarun.com\/pl\/wp-json\/wp\/v2\/tags?post=15417"}],"curies":[{"name":"wp","href":"https:\/\/api.w.org\/{rel}","templated":true}]}}