{"id":154143,"date":"2015-05-06T10:08:00","date_gmt":"2015-05-06T08:08:00","guid":{"rendered":"https:\/\/mediarun.com\/pl\/?p=154143"},"modified":"2015-05-06T12:29:15","modified_gmt":"2015-05-06T10:29:15","slug":"lidl-wybral-247communication","status":"publish","type":"post","link":"https:\/\/mediarun.com\/pl\/marketing\/przetargi\/lidl-wybral-247communication.html","title":{"rendered":"Lidl wybra\u0142 agencj\u0119"},"content":{"rendered":"<p>W ramach wsp\u00f3\u0142pracy z sieci\u0105 Lidl, zesp\u00f3\u0142 konsultant\u00f3w z 24\/7Communication b\u0119dzie odpowiedzialny za kompleksowe dzia\u0142ania w zakresie komunikacji zewn\u0119trznej.<\/p>\n<p>Lidl to marka obecna w Polsce od 2002 roku i jedna z najwi\u0119kszych sieci spo\u017cywczych na rynku, kt\u00f3ra oferuje swoim klientom produkty najwy\u017cszej jako\u015bci w atrakcyjnych cenach. Sie\u0107 liczy obecnie ponad 500 sklep\u00f3w w Polsce, zatrudniaj\u0105c przy tym ponad 14.000 os\u00f3b.<\/p>\n<p>Za realizacj\u0119 projektu z ramienia agencji odpowiada zesp\u00f3\u0142 konsultant\u00f3w kierowany przez Katarzyn\u0119 Fabjaniak-Czerniak (Group Account Manager) i Mart\u0119 Ulman (Senior Account Manager). Projekt zosta\u0142 pozyskany w drodze przetargu.<\/p>\n","protected":false},"excerpt":{"rendered":"Z pocz\u0105tkiem maja agencja 24\/7Communication rozpocz\u0119\u0142a wsp\u00f3\u0142prac\u0119 z jedn\u0105 z najwi\u0119kszych sieci sklep\u00f3w spo\u017cywczych w Polsce \u2013 Lidl.","protected":false},"author":6,"featured_media":154144,"comment_status":"open","ping_status":"closed","sticky":false,"template":"","format":"standard","meta":{"csco_display_header_overlay":false,"csco_singular_sidebar":"","csco_page_header_type":"","csco_page_load_nextpost":"","csco_post_video_location":[],"csco_post_video_location_hash":"","csco_post_video_url":"","csco_post_video_bg_start_time":0,"csco_post_video_bg_end_time":0,"footnotes":""},"categories":[4636],"tags":[6068,473,3401],"class_list":{"0":"post-154143","1":"post","2":"type-post","3":"status-publish","4":"format-standard","5":"has-post-thumbnail","7":"category-przetargi","8":"tag-247-communication","9":"tag-lidl","10":"tag-przetargi","11":"cs-entry","12":"cs-video-wrap"},"_links":{"self":[{"href":"https:\/\/mediarun.com\/pl\/wp-json\/wp\/v2\/posts\/154143","targetHints":{"allow":["GET"]}}],"collection":[{"href":"https:\/\/mediarun.com\/pl\/wp-json\/wp\/v2\/posts"}],"about":[{"href":"https:\/\/mediarun.com\/pl\/wp-json\/wp\/v2\/types\/post"}],"author":[{"embeddable":true,"href":"https:\/\/mediarun.com\/pl\/wp-json\/wp\/v2\/users\/6"}],"replies":[{"embeddable":true,"href":"https:\/\/mediarun.com\/pl\/wp-json\/wp\/v2\/comments?post=154143"}],"version-history":[{"count":0,"href":"https:\/\/mediarun.com\/pl\/wp-json\/wp\/v2\/posts\/154143\/revisions"}],"wp:featuredmedia":[{"embeddable":true,"href":"https:\/\/mediarun.com\/pl\/wp-json\/wp\/v2\/media\/154144"}],"wp:attachment":[{"href":"https:\/\/mediarun.com\/pl\/wp-json\/wp\/v2\/media?parent=154143"}],"wp:term":[{"taxonomy":"category","embeddable":true,"href":"https:\/\/mediarun.com\/pl\/wp-json\/wp\/v2\/categories?post=154143"},{"taxonomy":"post_tag","embeddable":true,"href":"https:\/\/mediarun.com\/pl\/wp-json\/wp\/v2\/tags?post=154143"}],"curies":[{"name":"wp","href":"https:\/\/api.w.org\/{rel}","templated":true}]}}