{"id":154133,"date":"2015-05-06T09:53:20","date_gmt":"2015-05-06T07:53:20","guid":{"rendered":"https:\/\/mediarun.com\/pl\/?p=154133"},"modified":"2015-05-06T09:53:20","modified_gmt":"2015-05-06T07:53:20","slug":"saatchi-saatchi-poland-rozbudowuje-struktury-kreacji","status":"publish","type":"post","link":"https:\/\/mediarun.com\/pl\/ludzie\/awanse\/saatchi-saatchi-poland-rozbudowuje-struktury-kreacji.html","title":{"rendered":"Saatchi &#038; Saatchi Poland rozbudowuje struktury kreacji"},"content":{"rendered":"<p>\u201eWszyscy maj\u0105 bardzo bogate do\u015bwiadczenia agencyjne i nagrody kreatywne na koncie, ale najwa\u017cniejsze jest ich nieszablonowe podej\u015bcie do komunikacji reklamowej \u2013 m\u00f3wi Kamil Majewski, dyrektor kreatywny agencji. \u2013 To ludzie nie przywi\u0105zani do konkretnego medium, ale do tworzenia pomys\u0142\u00f3w, kt\u00f3re anga\u017cuj\u0105 odbiorc\u00f3w i sprzedaj\u0105 produkty. \u201d<\/p>\n<p>Ponad 50-cio osobowy dzia\u0142 Kreacji prowadzony jest przez Kamila Majewskiego, wspieranego przez Micha\u0142a Paw\u0142owskiego i Micha\u0142a Desowskiego<\/p>\n","protected":false},"excerpt":{"rendered":"Do zespo\u0142u kreacji Agencji do\u0142\u0105cza a\u017c 5 nowych os\u00f3b \u2013 tw\u00f3rc\u00f3w idei &#8211; wnosz\u0105cych multidyscyplinarne kompetencje komunikacyjne: Magdalena Kramer jako Senior Art Director w teamie z Senior Designerem Tomkiem Szkiel\u0105,  Art Director Paulina Grochowska i Copywriter Miko\u0142aj Makowski, szeregi copywriter\u00f3w zasili\u0142a tak\u017ce Marta Spychalska.","protected":false},"author":6,"featured_media":154134,"comment_status":"open","ping_status":"closed","sticky":false,"template":"","format":"standard","meta":{"csco_display_header_overlay":false,"csco_singular_sidebar":"","csco_page_header_type":"","csco_page_load_nextpost":"","csco_post_video_location":[],"csco_post_video_location_hash":"","csco_post_video_url":"","csco_post_video_bg_start_time":0,"csco_post_video_bg_end_time":0,"footnotes":""},"categories":[9678],"tags":[3621,6535,6538,6537,6536,179,6539],"class_list":{"0":"post-154133","1":"post","2":"type-post","3":"status-publish","4":"format-standard","5":"has-post-thumbnail","7":"category-awanse","8":"tag-awans","9":"tag-magdalena-kramer","10":"tag-marta-spychalska","11":"tag-mikolaj-makowski","12":"tag-paulina-grochowska","13":"tag-saatchi-saatchi","14":"tag-tomek-szkiela","15":"cs-entry","16":"cs-video-wrap"},"_links":{"self":[{"href":"https:\/\/mediarun.com\/pl\/wp-json\/wp\/v2\/posts\/154133","targetHints":{"allow":["GET"]}}],"collection":[{"href":"https:\/\/mediarun.com\/pl\/wp-json\/wp\/v2\/posts"}],"about":[{"href":"https:\/\/mediarun.com\/pl\/wp-json\/wp\/v2\/types\/post"}],"author":[{"embeddable":true,"href":"https:\/\/mediarun.com\/pl\/wp-json\/wp\/v2\/users\/6"}],"replies":[{"embeddable":true,"href":"https:\/\/mediarun.com\/pl\/wp-json\/wp\/v2\/comments?post=154133"}],"version-history":[{"count":0,"href":"https:\/\/mediarun.com\/pl\/wp-json\/wp\/v2\/posts\/154133\/revisions"}],"wp:featuredmedia":[{"embeddable":true,"href":"https:\/\/mediarun.com\/pl\/wp-json\/wp\/v2\/media\/154134"}],"wp:attachment":[{"href":"https:\/\/mediarun.com\/pl\/wp-json\/wp\/v2\/media?parent=154133"}],"wp:term":[{"taxonomy":"category","embeddable":true,"href":"https:\/\/mediarun.com\/pl\/wp-json\/wp\/v2\/categories?post=154133"},{"taxonomy":"post_tag","embeddable":true,"href":"https:\/\/mediarun.com\/pl\/wp-json\/wp\/v2\/tags?post=154133"}],"curies":[{"name":"wp","href":"https:\/\/api.w.org\/{rel}","templated":true}]}}