{"id":15399,"date":"2011-06-13T22:21:41","date_gmt":"2011-06-13T20:21:41","guid":{"rendered":"https:\/\/mediarun.com\/index.php\/news-posts\/chylinska-przewodniczaca-jury-mam-talent\/"},"modified":"2011-06-13T22:21:41","modified_gmt":"2011-06-13T20:21:41","slug":"chylinska-przewodniczaca-jury-mam-talent","status":"publish","type":"post","link":"https:\/\/mediarun.com\/pl\/media\/tv\/chylinska-przewodniczaca-jury-mam-talent.html","title":{"rendered":"Chyli\u0144ska przewodnicz\u0105c\u0105 jury &#8222;Mam talent!&#8221;"},"content":{"rendered":"<p>Ekipa TVN zaczyna castingi w Katowicach, p&oacute;\u017aniej rusza do Wroc\u0142awia, Gda\u0144ska, nast\u0119pnie wraca na po\u0142udnie do Krakowa, a ko\u0144czy w Warszawie.<\/p>\n<p>Przed jurorami &#8211; przewodnicz\u0105c\u0105 Agnieszk\u0105 Chyli\u0144sk\u0105, Ma\u0142gorzat\u0105 Foremniak oraz Robertem Kozyr\u0105 (kt&oacute;ry zast\u0105pi\u0142 Kub\u0119 Wojew&oacute;dzkiego) wielogodzinne przes\u0142uchania os&oacute;b, kt&oacute;re po precastingach zakwalifikowali si\u0119 do drugiego etapu.<\/p>\n<p>Kolejny, trzeci etap kwalifikacji do programu, to zamkni\u0119te obrady juror&oacute;w.<\/p>\n<p><strong>Terminy casting&oacute;w do &#8222;Mam talent!&#8221;:<\/strong><br \/>&#8211; 13 i 14 czerwca (poniedzia\u0142ek i wtorek) &#8211; Katowice, Teatr \u015al\u0105ski im. Wyspia\u0144skiego, ul. Rynek 2<br \/>&#8211; 20 i 21 czerwca (poniedzia\u0142ek i wtorek) &#8211; Wroc\u0142aw, Opera Wroc\u0142awska, ul. \u015awidnicka 35<br \/>&#8211; 27 i 28 czerwca (poniedzia\u0142ek i wtorek) &#8211; Gda\u0144sk, Teatr Wybrze\u017ce, ul. \u015awi\u0119tego Ducha 2<br \/>&#8211; 5 i 6 lipca (wtorek i \u015broda) &#8211; Krak&oacute;w, Teatr S\u0142owackiego, Plac \u015awi\u0119tego Ducha 1<br \/>&#8211; 10, 11 i 12 lipca (niedziela, poniedzia\u0142ek i wtorek) &#8211; Warszawa, Teatr Dramatyczny, plac Defilad 1.<\/p>\n<p><strong>+ <a href=\"http:\/\/wiadomosci.mediarun.pl\/artykul\/media-telewizja,kozyra-zastapi-wojewodzkiego-w-mam-talent,9882,4,1,1.html\" target=\"_blank\" rel=\"noopener\">Kozyra zast\u0105pi Wojew&oacute;dzkiego w &#8222;Mam talent!&#8221;<\/a><\/strong><\/p>\n","protected":false},"excerpt":{"rendered":"13 czerwca wystartowa\u0142y castingi do czwartej edycji &#8222;Mam talent!&#8221;. Jesieni\u0105 w jury zabraknie Kuby Wojew&oacute;dzkiego.","protected":false},"author":1,"featured_media":15400,"comment_status":"open","ping_status":"closed","sticky":false,"template":"","format":"standard","meta":{"csco_display_header_overlay":false,"csco_singular_sidebar":"","csco_page_header_type":"","csco_page_load_nextpost":"","csco_post_video_location":[],"csco_post_video_location_hash":"","csco_post_video_url":"","csco_post_video_bg_start_time":0,"csco_post_video_bg_end_time":0,"footnotes":""},"categories":[9670],"tags":[98],"class_list":{"0":"post-15399","1":"post","2":"type-post","3":"status-publish","4":"format-standard","5":"has-post-thumbnail","7":"category-tv","8":"tag-tvn","9":"cs-entry","10":"cs-video-wrap"},"_links":{"self":[{"href":"https:\/\/mediarun.com\/pl\/wp-json\/wp\/v2\/posts\/15399","targetHints":{"allow":["GET"]}}],"collection":[{"href":"https:\/\/mediarun.com\/pl\/wp-json\/wp\/v2\/posts"}],"about":[{"href":"https:\/\/mediarun.com\/pl\/wp-json\/wp\/v2\/types\/post"}],"author":[{"embeddable":true,"href":"https:\/\/mediarun.com\/pl\/wp-json\/wp\/v2\/users\/1"}],"replies":[{"embeddable":true,"href":"https:\/\/mediarun.com\/pl\/wp-json\/wp\/v2\/comments?post=15399"}],"version-history":[{"count":0,"href":"https:\/\/mediarun.com\/pl\/wp-json\/wp\/v2\/posts\/15399\/revisions"}],"wp:featuredmedia":[{"embeddable":true,"href":"https:\/\/mediarun.com\/pl\/wp-json\/wp\/v2\/media\/15400"}],"wp:attachment":[{"href":"https:\/\/mediarun.com\/pl\/wp-json\/wp\/v2\/media?parent=15399"}],"wp:term":[{"taxonomy":"category","embeddable":true,"href":"https:\/\/mediarun.com\/pl\/wp-json\/wp\/v2\/categories?post=15399"},{"taxonomy":"post_tag","embeddable":true,"href":"https:\/\/mediarun.com\/pl\/wp-json\/wp\/v2\/tags?post=15399"}],"curies":[{"name":"wp","href":"https:\/\/api.w.org\/{rel}","templated":true}]}}