{"id":153670,"date":"2015-04-27T08:43:51","date_gmt":"2015-04-27T06:43:51","guid":{"rendered":"https:\/\/mediarun.com\/pl\/?p=153670"},"modified":"2015-04-27T10:23:13","modified_gmt":"2015-04-27T08:23:13","slug":"duze-zmiany-w-radiu-zet","status":"publish","type":"post","link":"https:\/\/mediarun.com\/pl\/media\/radio\/duze-zmiany-w-radiu-zet.html","title":{"rendered":"Du\u017ce zmiany w Radiu ZET!"},"content":{"rendered":"<p>Do obowi\u0105zk\u00f3w nowo powo\u0142anej dyrektor b\u0119dzie nale\u017ca\u0142o planowanie strategii muzycznej stacji, badania i bie\u017c\u0105ca polityka programowa w obszarze muzyki, wsp\u00f3\u0142praca z wytw\u00f3rniami muzycznymi, tworzenie i nadz\u00f3r nad kompilacjami brandowanymi mark\u0105 ZET oraz kana\u0142ami muzycznymi stacji. So\u0142tysiak b\u0119dzie raportowa\u0142a bezpo\u015brednio do Jaros\u0142awa Paszkowskiego &#8211; p.o redaktora naczelnego Radia ZET.<\/p>\n<p><a href=\"https:\/\/mediarun.com\/wp-content\/uploads\/2015\/04\/mediarun-com-slotysiak.jpg\"><img fetchpriority=\"high\" decoding=\"async\" class=\" size-full wp-image-153681 alignleft\" src=\"https:\/\/mediarun.com\/wp-content\/uploads\/2015\/04\/mediarun-com-slotysiak.jpg\" alt=\"mediarun-com-slotysiak\" width=\"300\" height=\"300\" title=\"\" srcset=\"https:\/\/mediarun.com\/pl\/wp-content\/uploads\/2015\/04\/mediarun-com-slotysiak.jpg 834w, https:\/\/mediarun.com\/pl\/wp-content\/uploads\/2015\/04\/mediarun-com-slotysiak-700x700.jpg 700w\" sizes=\"(max-width: 300px) 100vw, 300px\" \/><\/a><em>&#8222;Joanna od 2007 roku by\u0142a zast\u0119pc\u0105 dyrektora muzycznego stacji. Jej awans na szefow\u0105 dzia\u0142u muzycznego b\u0119dzie wi\u0119c p\u0142ynnym przej\u0119ciem dotychczasowych obowi\u0105zk\u00f3w od Wojtka Jagielskiego, kt\u00f3remu z tego miejsca dzi\u0119kuj\u0119 za ostatnie pi\u0119\u0107 lat pracy w stacji. W historii Radia ZET Joanna b\u0119dzie pierwsz\u0105 kobiet\u0105, kt\u00f3ra zarz\u0105dza dzia\u0142em muzycznym &#8211; a MUZYKA jest przecie\u017c kobiet\u0105&#8221;<\/em>&#8211; powiedzia\u0142 <strong>Jaros\u0142aw Paszkowski, p.o Redaktora Naczelnego Radia ZET<\/strong>.<\/p>\n<p><strong>Joanna So\u0142tysiak<\/strong>, zanim zwi\u0105za\u0142a si\u0119 z Grup\u0105 Eurozet pracowa\u0142a w pozna\u0144skich rozg\u0142o\u015bniach Agory: Z\u0142ote Przeboje, Klasyka FM, Pop FM, Radio Wielkopolska i Blue FM. Przygod\u0119 z radiem zaczyna\u0142a w studenckim Radiu Afera.<\/p>\n<p><strong>Zobacz tak\u017ce: <a href=\"https:\/\/mediarun.com\/ludzie\/awanse\/zmiana-na-stanowisku-redaktora-naczelnego-radia-zet.html\">Zmiana na stanowisku Redaktora Naczelnego Radia ZET<\/a><br \/>\n<\/strong><br \/>\nZmiany w stacji dotycz\u0105 r\u00f3wnie\u017c powo\u0142ania na stanowisko szefowej anteny Radia ZET <strong>Natalii G\u0119bskiej<\/strong>. Now\u0105 funkcj\u0119 po\u0142\u0105czy z dotychczasowymi obowi\u0105zkami dyrektor programowej i muzycznej Radia ZET Chilli. Jako szefowa anteny Radia ZET b\u0119dzie odpowiedzialna za koordynowanie pracy wydawc\u00f3w i prezenter\u00f3w, bie\u017c\u0105cy nadz\u00f3r nad ram\u00f3wk\u0105 stacji oraz wsp\u00f3\u0142prac\u0119 z biurem sprzeda\u017cy przy akcjach specjalnych.<\/p>\n<p><em>&#8222;Stworzenie tego stanowiska ma na celu uporz\u0105dkowanie struktury redakcyjnej i usprawnienie przep\u0142ywu informacji. Chcia\u0142em \u017ceby wspar\u0142a mnie w tym osoba, kt\u00f3ra doskonale zna firm\u0119, ludzi i regu\u0142y rz\u0105dz\u0105ce codzienn\u0105 prac\u0105 nad programem.&#8221;<\/em> \u2013 powiedzia\u0142 <strong>Jaros\u0142aw Paszkowski, p.o redaktora naczelnego Radia ZET<\/strong>.<\/p>\n<p><a href=\"https:\/\/mediarun.com\/wp-content\/uploads\/2015\/04\/mediarun-com-gebska.jpg\"><img decoding=\"async\" class=\" size-full wp-image-153682 alignleft\" src=\"https:\/\/mediarun.com\/wp-content\/uploads\/2015\/04\/mediarun-com-gebska.jpg\" alt=\"mediarun-com-gebska\" width=\"300\" height=\"300\" title=\"\" srcset=\"https:\/\/mediarun.com\/pl\/wp-content\/uploads\/2015\/04\/mediarun-com-gebska.jpg 768w, https:\/\/mediarun.com\/pl\/wp-content\/uploads\/2015\/04\/mediarun-com-gebska-699x700.jpg 699w\" sizes=\"(max-width: 300px) 100vw, 300px\" \/><\/a><strong>Natalia G\u0119bska<\/strong> jest zwi\u0105zana z mediami od 2002 roku. W Grupie Eurozet pracuje od 2006 roku. By\u0142a szefem DJ\u2019\u00f3w Radiostacji i Planety FM. Wsp\u00f3\u0142tworzy\u0142a Radio ZET Chilli (dawniej Chilli ZET). W latach 2008-2011 by\u0142a jego dyrektor muzyczn\u0105 i z-c\u0105 redaktora programowego, a nast\u0119pnie dyrektor programow\u0105 i muzyczn\u0105.<\/p>\n<p>Radio ZET jest drug\u0105 najch\u0119tniej s\u0142uchan\u0105 stacj\u0105 radiow\u0105 w Polsce, mimo tego liczba s\u0142uchaczy rozg\u0142o\u015bni wci\u0105\u017c spada (szczeg\u00f3\u0142y <a href=\"https:\/\/mediarun.com\/media\/radio\/rmf-fm-na-czele-rankingu.html\"><strong>TUTAJ<\/strong><\/a>).<\/p>\n","protected":false},"excerpt":{"rendered":"Joanna So\u0142tysiak zosta\u0142a powo\u0142ana na now\u0105 dyrektor muzyczn\u0105 Radia ZET. Na stanowisku zast\u0105pi\u0142a Wojciecha Jagielskiego, kt\u00f3ry rozstaje si\u0119 ze stacj\u0105 za porozumieniem stron.","protected":false},"author":2,"featured_media":153679,"comment_status":"open","ping_status":"closed","sticky":false,"template":"","format":"standard","meta":{"csco_display_header_overlay":false,"csco_singular_sidebar":"","csco_page_header_type":"","csco_page_load_nextpost":"","csco_post_video_location":[],"csco_post_video_location_hash":"","csco_post_video_url":"","csco_post_video_bg_start_time":0,"csco_post_video_bg_end_time":0,"footnotes":""},"categories":[9672],"tags":[174,5927,6444,4112,3422,504,6443],"class_list":{"0":"post-153670","1":"post","2":"type-post","3":"status-publish","4":"format-standard","5":"has-post-thumbnail","7":"category-radio","8":"tag-eurozet","9":"tag-jaroslaw-paszkowski","10":"tag-joanna-soltysiak","11":"tag-media-2","12":"tag-radio-2","13":"tag-radio-zet","14":"tag-wojciech-jagielski","15":"cs-entry","16":"cs-video-wrap"},"_links":{"self":[{"href":"https:\/\/mediarun.com\/pl\/wp-json\/wp\/v2\/posts\/153670","targetHints":{"allow":["GET"]}}],"collection":[{"href":"https:\/\/mediarun.com\/pl\/wp-json\/wp\/v2\/posts"}],"about":[{"href":"https:\/\/mediarun.com\/pl\/wp-json\/wp\/v2\/types\/post"}],"author":[{"embeddable":true,"href":"https:\/\/mediarun.com\/pl\/wp-json\/wp\/v2\/users\/2"}],"replies":[{"embeddable":true,"href":"https:\/\/mediarun.com\/pl\/wp-json\/wp\/v2\/comments?post=153670"}],"version-history":[{"count":0,"href":"https:\/\/mediarun.com\/pl\/wp-json\/wp\/v2\/posts\/153670\/revisions"}],"wp:featuredmedia":[{"embeddable":true,"href":"https:\/\/mediarun.com\/pl\/wp-json\/wp\/v2\/media\/153679"}],"wp:attachment":[{"href":"https:\/\/mediarun.com\/pl\/wp-json\/wp\/v2\/media?parent=153670"}],"wp:term":[{"taxonomy":"category","embeddable":true,"href":"https:\/\/mediarun.com\/pl\/wp-json\/wp\/v2\/categories?post=153670"},{"taxonomy":"post_tag","embeddable":true,"href":"https:\/\/mediarun.com\/pl\/wp-json\/wp\/v2\/tags?post=153670"}],"curies":[{"name":"wp","href":"https:\/\/api.w.org\/{rel}","templated":true}]}}