{"id":15363,"date":"2011-06-14T14:36:01","date_gmt":"2011-06-14T12:36:01","guid":{"rendered":"https:\/\/mediarun.com\/index.php\/news-posts\/kompott-projektuje-okladke-dla-prenumeratorow-malemena\/"},"modified":"2011-06-14T14:36:01","modified_gmt":"2011-06-14T12:36:01","slug":"kompott-projektuje-okladke-dla-prenumeratorow-malemena","status":"publish","type":"post","link":"https:\/\/mediarun.com\/pl\/media\/prasa\/kompott-projektuje-okladke-dla-prenumeratorow-malemena.html","title":{"rendered":"Kompott projektuje ok\u0142adk\u0119 dla prenumerator\u00f3w Malemena"},"content":{"rendered":"<p>Rok temu magazyn Malemen postanowi\u0142 dla swoich prenumerator&oacute;w stworzy\u0107 wyj\u0105tkowa kolekcjonersk\u0105 ok\u0142adk\u0119. Do tej pory charakteryzowa\u0142a si\u0119 ona brakiem detali takich jak cena czy kod kreskowy, jednak bohater na obu ok\u0142adkach pozostawa\u0142 ten sam.  Tym razem, wraz z numerem czerwcowym po\u015bwi\u0119conym designowi, magazyn Malemen postanowi\u0142 zej\u015b\u0107 z utartej drogi i zaprosi\u0142 do wsp&oacute;\u0142pracy grup\u0119 projektow\u0105 Kompott.<\/p>\n<p>W jej sk\u0142ad wchodz\u0105 Maja Ganszyniec, Pawe\u0142 Jasiewicz, Krystian Kowalski oraz Marcin Krygier. S\u0105 to m\u0142odzi designerzy, kt&oacute;rzy wyznaczaj\u0105 nowe trendy w designie. Na co dzie\u0144 zajmuj\u0105 si\u0119 product i furniture designem. Zanim zacz\u0119li wsp&oacute;ln\u0105 prac\u0119, ich \u015bcie\u017cki stale przeciera\u0142y si\u0119 w Mediolanie, Londynie i Warszawie. Studiowali na zagranicznych uczelniach i pracowali dla du\u017cych firm projektowych. Postanowili  wr&oacute;ci\u0107 do Polski i po\u0142\u0105czy\u0107 si\u0142y.<\/p>\n<p>Jeszcze tylko do ko\u0144ca miesi\u0105ca prenumerat\u0119 magazynu Malemen obejmuj\u0105c\u0105 11 numer&oacute;w mo\u017cna kupi\u0107 w cenie 59 z\u0142. Wi\u0119cej informacji na ten temat mo\u017cna odnale\u017a\u0107 na stronie internetowej <a rel=\"nofollow noopener\" href=\"http:\/\/www.malemen.pl\/\" target=\"_blank\">www.malemen.pl<\/a>.<\/p>\n","protected":false},"excerpt":{"rendered":"Malemen zaprosi\u0142 do wsp&oacute;\u0142pracy Studio Kompott, kt&oacute;re zaprojektuje ok\u0142adk\u0119 dla prenumerator&oacute;w magazynu.","protected":false},"author":1,"featured_media":15364,"comment_status":"open","ping_status":"closed","sticky":false,"template":"","format":"standard","meta":{"csco_display_header_overlay":false,"csco_singular_sidebar":"","csco_page_header_type":"","csco_page_load_nextpost":"","csco_post_video_location":[],"csco_post_video_location_hash":"","csco_post_video_url":"","csco_post_video_bg_start_time":0,"csco_post_video_bg_end_time":0,"footnotes":""},"categories":[9673],"tags":[],"class_list":{"0":"post-15363","1":"post","2":"type-post","3":"status-publish","4":"format-standard","5":"has-post-thumbnail","7":"category-prasa","8":"cs-entry","9":"cs-video-wrap"},"_links":{"self":[{"href":"https:\/\/mediarun.com\/pl\/wp-json\/wp\/v2\/posts\/15363","targetHints":{"allow":["GET"]}}],"collection":[{"href":"https:\/\/mediarun.com\/pl\/wp-json\/wp\/v2\/posts"}],"about":[{"href":"https:\/\/mediarun.com\/pl\/wp-json\/wp\/v2\/types\/post"}],"author":[{"embeddable":true,"href":"https:\/\/mediarun.com\/pl\/wp-json\/wp\/v2\/users\/1"}],"replies":[{"embeddable":true,"href":"https:\/\/mediarun.com\/pl\/wp-json\/wp\/v2\/comments?post=15363"}],"version-history":[{"count":0,"href":"https:\/\/mediarun.com\/pl\/wp-json\/wp\/v2\/posts\/15363\/revisions"}],"wp:featuredmedia":[{"embeddable":true,"href":"https:\/\/mediarun.com\/pl\/wp-json\/wp\/v2\/media\/15364"}],"wp:attachment":[{"href":"https:\/\/mediarun.com\/pl\/wp-json\/wp\/v2\/media?parent=15363"}],"wp:term":[{"taxonomy":"category","embeddable":true,"href":"https:\/\/mediarun.com\/pl\/wp-json\/wp\/v2\/categories?post=15363"},{"taxonomy":"post_tag","embeddable":true,"href":"https:\/\/mediarun.com\/pl\/wp-json\/wp\/v2\/tags?post=15363"}],"curies":[{"name":"wp","href":"https:\/\/api.w.org\/{rel}","templated":true}]}}