{"id":153433,"date":"2015-04-23T10:17:21","date_gmt":"2015-04-23T10:17:21","guid":{"rendered":"https:\/\/mediarun.com\/pl\/?p=153433"},"modified":"2015-04-23T10:17:21","modified_gmt":"2015-04-23T10:17:21","slug":"ruszyl-kongres-profesjonalistow-public-relations-2015","status":"publish","type":"post","link":"https:\/\/mediarun.com\/pl\/wydarzenia\/konferencje\/ruszyl-kongres-profesjonalistow-public-relations-2015.html","title":{"rendered":"Ruszy\u0142 Kongres Profesjonalist\u00f3w Public Relations 2015!"},"content":{"rendered":"<p>Eksperci bran\u017cy public relations, znane osoby ze \u015bwiata medi\u00f3w oraz merytoryka na najwy\u017cszym poziomie \u2013 tak prezentuje si\u0119 tegoroczna edycja Kongresu Profesjonalist\u00f3w Public Relations, kt\u00f3ry dzisiaj rozpocz\u0105\u0142 si\u0119 w Rzeszowie. Uczestnicy spotkania przez dwa dni dyskutowa\u0107 b\u0119d\u0105 o najlepszych kampaniach, trendach i wyzwaniach oraz o tym, co wymaga poprawy w praktyce polskiego PR-u. <\/p>\n<p><em>&#8222;Relacje z mediami mog\u0105 by\u0107 skutecznym sposobem na budowanie wizerunku firmy. Jednak tylko wtedy, gdy s\u0105 rozs\u0105dnie prowadzone i wed\u0142ug zasad, kt\u00f3rymi kieruj\u0105 si\u0119 dziennikarze. Chocia\u017c media ewoluuj\u0105 w ekspresowym tempie i pojawiaj\u0105 si\u0119 nowe technologie usprawniaj\u0105ce prace piarowc\u00f3w, to pewne standardy dzia\u0142ania pozostaj\u0105 niezmienne&#8221;<\/em> \u2013 wyja\u015bnia <strong>dr Dariusz Tworzyd\u0142o, prezes Exacto Sp. z o.o.<\/strong>, autor technologii Wirtualnego Biura Prasowego Newslink. <\/p>\n<p>Kt\u00f3re praktyki stosowa\u0107 w relacjach z dziennikarzami, a czego nale\u017cy si\u0119 wystrzega\u0107? Jak sprawi\u0107, aby wsp\u00f3\u0142praca by\u0142a satysfakcjonuj\u0105ca dla obu stron? Prawdopodobnie odpowiedzi na te pytania padn\u0105 podczas spotkania w Rzeszowie.<\/p>\n<p><a href=\"https:\/\/mediarun.com\/wp-content\/uploads\/2015\/04\/mediarun-com-pr2-11.jpg\"><img fetchpriority=\"high\" decoding=\"async\" src=\"https:\/\/mediarun.com\/wp-content\/uploads\/2015\/04\/mediarun-com-pr2-11.jpg\" alt=\"mediarun-com-pr2 (1)\" width=\"800\" height=\"490\" class=\"alignnone size-full wp-image-153470\" title=\"\" srcset=\"https:\/\/mediarun.com\/pl\/wp-content\/uploads\/2015\/04\/mediarun-com-pr2-11.jpg 1635w, https:\/\/mediarun.com\/pl\/wp-content\/uploads\/2015\/04\/mediarun-com-pr2-11-1142x700.jpg 1142w\" sizes=\"(max-width: 800px) 100vw, 800px\" \/><\/a><\/p>\n<h2>Dialog na linii piarowiec-dziennikarz<\/h2>\n<p>Media relations to jedno z najcz\u0119\u015bciej wykorzystywanych narz\u0119dzi budowania wizerunku. Niestety te dzia\u0142ania przysparzaj\u0105 praktykom PR-u wielu trudno\u015bci. S\u0142abo oceniaj\u0105 je r\u00f3wnie\u017c dziennikarze, kt\u00f3rzy skar\u017c\u0105 si\u0119 mi\u0119dzy innymi na s\u0142ab\u0105 jako\u015b\u0107 materia\u0142\u00f3w, cz\u0119ste telefony i wysy\u0142anie informacji na o\u015blep. Nie zawsze zadowoleni z efekt\u00f3w s\u0105 tak\u017ce klienci. <\/p>\n<p>Podczas Kongresu <strong>Grzegorz Miecugow<\/strong>, dziennikarz i wydawca TVN24, <strong>Maciej Or\u0142o\u015b<\/strong>, dziennikarz TVP oraz <strong>Tomasz Macha\u0142a<\/strong>, redaktor naczelny i dyrektor zarz\u0105dzaj\u0105cy naTemat.pl podpowiedz\u0105, jak wsp\u00f3\u0142pracowa\u0107 z mediami, jak tworzy\u0107 dobry content, a tak\u017ce co zrobi\u0107, aby dobrze zaprezentowa\u0107 si\u0119 podczas wyst\u0105pie\u0144 przed kamerami. <\/p>\n<p><em>&#8222;Spr\u00f3bujemy skonfrontowa\u0107 opini\u0119 na temat postrzegania pracy piarowc\u00f3w przez przedstawicieli medi\u00f3w, a jedocze\u015bnie zweryfikowa\u0107 je z oczekiwaniami klient\u00f3w&#8221;<\/em> dodaje <strong>dr Dariusz Tworzyd\u0142o<\/strong>.<\/p>\n<h2>Teoria poparta praktyk\u0105 <\/h2>\n<p>Rozw\u00f3j social media, pojawienie si\u0119 rozwi\u0105za\u0144 technologicznych wspieraj\u0105cych kontakty z dziennikarzami to zagadnienia, do kt\u00f3rych z pewno\u015bci\u0105 nawi\u0105zywa\u0107 b\u0119d\u0105 zaproszeni go\u015bcie \u2013 najpierw podczas kilku blok\u00f3w prelekcji, a drugiego dnia w trakcie praktycznych warsztat\u00f3w. Lista prelegent\u00f3w to 30 nazwisk, w\u015br\u00f3d kt\u00f3rych s\u0105 przedstawiciele agencji piarowych i interaktywnych, instytucji naukowych i badawczych oraz oczywi\u015bcie medi\u00f3w. <\/p>\n<p>Podczas Kongresu wyst\u0105pi\u0105 m.in.: <strong>Marcin BOCHENEK<\/strong>, Dyrektor Projekt\u00f3w Strategicznych NASK, <strong>Arkadiusz MIERZWA<\/strong>, Dyrektor ds. Komunikacji i Public Relations nc+, <strong>Joanna MALINOWSKA-PARZYD\u0141O<\/strong>, CEO Personal Brand Institute, <strong>Adam \u0141ASZYN<\/strong>, Pezes Zarz\u0105du Alert Media Communications, <strong>Aleksandra ZARYCHTA-KUZALSKA<\/strong>, Brand PR Manager Kompani Piwowarskiej, <strong>Pawe\u0142 TROCHIMIUK<\/strong>, Prezes Zarz\u0105du Partner of Promotion, <strong>Bohdan PAW\u0141OWICZ<\/strong>, W\u0142a\u015bciciel PBS Solutions, <strong>dr Krystian DUDEK<\/strong>, Prezes Zarz\u0105du PSPR, W\u0142a\u015bciciel Instytutu PUBLICO. Pierwszego dnia wybrane prelekcje b\u0119d\u0105 transmitowane online na portalu Newsline.pl.<\/p>\n<p>Organizatorami Kongresu s\u0105 firmy <a href=\"http:\/\/www.newsline.pl\/\" target=\"_blank\" rel=\"noopener\">Newsline<\/a> Sp. z o.o. oraz <a href=\"http:\/\/www.ideo.pl\/\" target=\"_blank\" rel=\"noopener\">Ideo<\/a> Sp. z o.o., za\u015b g\u0142\u00f3wnymi partnerami Wojew\u00f3dztwo Podkarpackie, Miasto Rzesz\u00f3w, Stowarzyszenie Informatyka Podkarpacka, Polskie Stowarzyszenie Public Relations, a tak\u017ce Zwi\u0105zek Firm Public Relations. Sponsorem g\u0142\u00f3wnym jest firma <a href=\"http:\/\/psmm.pl\/\" target=\"_blank\" rel=\"noopener\">PRESS-SERVICE Monitoring Medi\u00f3w Sp. z o.o.<\/a><\/p>\n<p>Szczeg\u00f3\u0142owe informacje znajduj\u0105 si\u0119 na <a href=\"http:\/\/www.kongresprofesjonalistow.pl\" target=\"_blank\" rel=\"noopener\"><strong>STRONIE INTERNETOWEJ<\/strong><\/a>. Zach\u0119camy r\u00f3wnie\u017c do \u015bledzenia profilu wydarzenia na portalu <a href=\"https:\/\/www.facebook.com\/kongrespr?ref=ts&#038;fref=ts\" target=\"_blank\" rel=\"noopener\"><strong>Facebook<\/strong><\/a>.<\/p>\n<p><a href=\"https:\/\/mediarun.com\/wp-content\/uploads\/2015\/04\/mediarun-com-pr1-1.jpg\"><img decoding=\"async\" src=\"https:\/\/mediarun.com\/wp-content\/uploads\/2015\/04\/mediarun-com-pr1-1.jpg\" alt=\"mediarun-com-pr1 (1)\" width=\"1613\" height=\"989\" class=\"alignnone size-full wp-image-153472\" title=\"\" srcset=\"https:\/\/mediarun.com\/pl\/wp-content\/uploads\/2015\/04\/mediarun-com-pr1-1.jpg 1613w, https:\/\/mediarun.com\/pl\/wp-content\/uploads\/2015\/04\/mediarun-com-pr1-1-1142x700.jpg 1142w\" sizes=\"(max-width: 1613px) 100vw, 1613px\" \/><\/a><\/p>\n<p><a href=\"https:\/\/mediarun.com\/wp-content\/uploads\/2015\/04\/mediarun-com-pr3-1.jpg\"><img decoding=\"async\" src=\"https:\/\/mediarun.com\/wp-content\/uploads\/2015\/04\/mediarun-com-pr3-1.jpg\" alt=\"mediarun-com-pr3 (1)\" width=\"1633\" height=\"1003\" class=\"alignnone size-full wp-image-153473\" title=\"\" srcset=\"https:\/\/mediarun.com\/pl\/wp-content\/uploads\/2015\/04\/mediarun-com-pr3-1.jpg 1633w, https:\/\/mediarun.com\/pl\/wp-content\/uploads\/2015\/04\/mediarun-com-pr3-1-1140x700.jpg 1140w\" sizes=\"(max-width: 1633px) 100vw, 1633px\" \/><\/a><\/p>\n<p><a href=\"https:\/\/mediarun.com\/wp-content\/uploads\/2015\/04\/mediarun-com-pr4-1.jpg\"><img loading=\"lazy\" decoding=\"async\" src=\"https:\/\/mediarun.com\/wp-content\/uploads\/2015\/04\/mediarun-com-pr4-1.jpg\" alt=\"mediarun-com-pr4 (1)\" width=\"1641\" height=\"1004\" class=\"alignnone size-full wp-image-153471\" title=\"\" srcset=\"https:\/\/mediarun.com\/pl\/wp-content\/uploads\/2015\/04\/mediarun-com-pr4-1.jpg 1641w, https:\/\/mediarun.com\/pl\/wp-content\/uploads\/2015\/04\/mediarun-com-pr4-1-1144x700.jpg 1144w\" sizes=\"(max-width: 1641px) 100vw, 1641px\" \/><\/a><\/p>\n","protected":false},"excerpt":{"rendered":"Dzisiaj w Rzeszowie rozpocz\u0119\u0142o si\u0119 wydarzenie o najd\u0142u\u017cszej tradycji w bran\u017cy \u2013 Kongres Profesjonalist\u00f3w Public  Relations. W konferencji bierze udzia\u0142 blisko 300 uczestnik\u00f3w \u2013 praktyk\u00f3w biznesu i naukowc\u00f3w. W tym roku dyskusje skoncentrowane s\u0105 na temacie relacji z mediami, dlatego w\u015br\u00f3d zaproszonych go\u015bci znale\u017ali si\u0119 r\u00f3wnie\u017c dziennikarze znani z telewizji, prasy oraz serwis\u00f3w internetowych. Jest to ju\u017c 15 konferencja z cyklu bran\u017cowych spotka\u0144.","protected":false},"author":1,"featured_media":153469,"comment_status":"open","ping_status":"closed","sticky":false,"template":"","format":"standard","meta":{"csco_display_header_overlay":false,"csco_singular_sidebar":"","csco_page_header_type":"","csco_page_load_nextpost":"","csco_post_video_location":[],"csco_post_video_location_hash":"","csco_post_video_url":"","csco_post_video_bg_start_time":0,"csco_post_video_bg_end_time":0,"footnotes":""},"categories":[4641],"tags":[3592,5216,9649,9681],"class_list":{"0":"post-153433","1":"post","2":"type-post","3":"status-publish","4":"format-standard","5":"has-post-thumbnail","7":"category-konferencje","8":"tag-konferencja","9":"tag-kongres-profesjonalistow-public-relations","10":"tag-pr","11":"tag-wydarzenia","12":"cs-entry","13":"cs-video-wrap"},"_links":{"self":[{"href":"https:\/\/mediarun.com\/pl\/wp-json\/wp\/v2\/posts\/153433","targetHints":{"allow":["GET"]}}],"collection":[{"href":"https:\/\/mediarun.com\/pl\/wp-json\/wp\/v2\/posts"}],"about":[{"href":"https:\/\/mediarun.com\/pl\/wp-json\/wp\/v2\/types\/post"}],"author":[{"embeddable":true,"href":"https:\/\/mediarun.com\/pl\/wp-json\/wp\/v2\/users\/1"}],"replies":[{"embeddable":true,"href":"https:\/\/mediarun.com\/pl\/wp-json\/wp\/v2\/comments?post=153433"}],"version-history":[{"count":0,"href":"https:\/\/mediarun.com\/pl\/wp-json\/wp\/v2\/posts\/153433\/revisions"}],"wp:featuredmedia":[{"embeddable":true,"href":"https:\/\/mediarun.com\/pl\/wp-json\/wp\/v2\/media\/153469"}],"wp:attachment":[{"href":"https:\/\/mediarun.com\/pl\/wp-json\/wp\/v2\/media?parent=153433"}],"wp:term":[{"taxonomy":"category","embeddable":true,"href":"https:\/\/mediarun.com\/pl\/wp-json\/wp\/v2\/categories?post=153433"},{"taxonomy":"post_tag","embeddable":true,"href":"https:\/\/mediarun.com\/pl\/wp-json\/wp\/v2\/tags?post=153433"}],"curies":[{"name":"wp","href":"https:\/\/api.w.org\/{rel}","templated":true}]}}