{"id":153335,"date":"2015-04-22T08:21:31","date_gmt":"2015-04-22T08:21:31","guid":{"rendered":"https:\/\/mediarun.com\/pl\/?p=153335"},"modified":"2015-04-22T08:54:43","modified_gmt":"2015-04-22T08:54:43","slug":"nowy-miesiecznik-ekspress-reporterow-juz-w-najblizszy-piatek","status":"publish","type":"post","link":"https:\/\/mediarun.com\/pl\/media\/prasa\/nowy-miesiecznik-ekspress-reporterow-juz-w-najblizszy-piatek.html","title":{"rendered":"EKSPRESS REPORTER\u00d3W &#8211; nowy miesi\u0119cznik ju\u017c w najbli\u017cszy pi\u0105tek"},"content":{"rendered":"<p>Magazyn w obj\u0119to\u015bci 160 stron i cenie 9,90 z\u0142 ma nietypow\u0105 jak na miesi\u0119cznik form\u0119 pocket \u2013booka (11&#215;17,5 cm). Ten wygodny format w przypadku obszernych tre\u015bci reporta\u017cowych zdaniem wydawcy mo\u017ce stanowi\u0107 atut.<\/p>\n<p>Wed\u0142ug za\u0142o\u017ce\u0144 wydawcy, w ka\u017cdym numerze publikowane b\u0119d\u0105 trzy obszerne reporta\u017ce przedstawiaj\u0105ce sprawy poruszaj\u0105ce opini\u0119 publiczn\u0105. W premierowym wydaniu b\u0119d\u0105 to:<\/p>\n<p>\u2022 Windykatorzy i komornicy \u2013 nielegalne egzekucje w majestacie prawa (Ma\u0142gorzata Koli\u0144ska-D\u0105browska) \u2013 o przest\u0119pczej dzia\u0142alno\u015bci polskich komornik\u00f3w i o bierno\u015bci systemu, czyli wymiaru sprawiedliwo\u015bci, kt\u00f3ry im na to pozwala*<\/p>\n<p>\u2022 Bagsik i G\u0105siorowski \u2013 prawdziwa historia Art.-B (Dariusz Wilczak) \u2013 reporta\u017c, w kt\u00f3rym Andrzej G\u0105siorowski (wsp\u00f3\u0142tw\u00f3rca Art.-B) opowiada o \u201eOperacji Most\u201d \u2013 tajnej operacji rz\u0105du Polski i Izraela z lat 1990-1992, w kt\u00f3rej ze Zwi\u0105zku Radzieckiego przez Polsk\u0119 do Izraela wr\u00f3ci\u0142o 100 tys. obywateli ZSRR pochodzenia \u017cydowskiego. Reporta\u017cem ujawniamy fakt finansowania Operacji przez sp\u00f3\u0142k\u0119 Art-B*<\/p>\n<p>\u2022 Kto zabi\u0142 redaktora Zi\u0119tar\u0119 \u2013 wyniki dziennikarskiego \u015bledztwa (Krzysztof M. Ka\u017amierczak)*<\/p>\n<p>\u201eNie stoi za nami wielki koncern wydawniczy, mamy wi\u0119c por\u00f3wnywalnie skromniejsze, cho\u0107 wystarczaj\u0105ce \u015brodki na uruchomienie nowego przedsi\u0119wzi\u0119cia wydawniczego. Jako do\u015bwiadczeni dziennikarze, redaktorzy i mened\u017cerowie, maj\u0105cy \u015bwiadomo\u015b\u0107 trudnego rynku, wchodzimy do gry ostro\u017cnie i bez szar\u017cowania. Dlatego te\u017c pocz\u0105tkowy nak\u0142ad Ekspressu Reporter\u00f3w zaplanowali\u015bmy testowo na 5.000 egzemplarzy. Rynek poka\u017ce jak tytu\u0142 ma szanse si\u0119 przyj\u0105\u0107. Jeste\u015bmy w ka\u017cdej chwili gotowi do zwi\u0119kszenia nak\u0142adu\u201d \u2013 m\u00f3wi Dariusz Wilczak, redaktor naczelny wydawnictwa.<\/p>\n<p>Wydawnictwo Fabu\u0142a Fraza powsta\u0142o w lutym 2015 roku. Jest odpowiedzi\u0105 na rosn\u0105ce zainteresowanie czytelnik\u00f3w reporta\u017cem i literatur\u0105 faktu. Autorami wsp\u00f3\u0142pracuj\u0105cymi z wydawnictwem s\u0105 najlepsi polscy dziennikarze i reporta\u017cy\u015bci.<\/p>\n<p><a href=\"https:\/\/mediarun.com\/wp-content\/uploads\/2015\/04\/okladka-mediarun-com.jpg\"><img fetchpriority=\"high\" decoding=\"async\" class=\" size-large wp-image-153352 aligncenter\" src=\"https:\/\/mediarun.com\/wp-content\/uploads\/2015\/04\/okladka-mediarun-com-615x1024.jpg\" alt=\"okladka-mediarun-com\" width=\"615\" height=\"1024\" title=\"\"><\/a><\/p>\n","protected":false},"excerpt":{"rendered":"Pierwsze wydanie miesi\u0119cznika EKSPRESS REPORTER\u00d3W, wydawanego przez wydawnictwo Fabu\u0142a Fraza uka\u017ce si\u0119 ju\u017c w pi\u0105tek. Pierwsza cz\u0119\u015b\u0107 nak\u0142adu \u2013 5.000 egzemplarzy trafi w pi\u0105tek do dystrybucji zar\u00f3wno w sieciach prasowych, jak te\u017c ksi\u0119garniach stacjonarnych i internetowych. W zale\u017cno\u015bci od dynamiki sprzeda\u017cy wydawca przygotowany jest na zwi\u0119kszenie nak\u0142adu. Wydanie b\u0119dzie promowane w punktach sprzeda\u017cy prasy.","protected":false},"author":6,"featured_media":153351,"comment_status":"open","ping_status":"closed","sticky":false,"template":"","format":"standard","meta":{"csco_display_header_overlay":false,"csco_singular_sidebar":"","csco_page_header_type":"","csco_page_load_nextpost":"","csco_post_video_location":[],"csco_post_video_location_hash":"","csco_post_video_url":"","csco_post_video_bg_start_time":0,"csco_post_video_bg_end_time":0,"footnotes":""},"categories":[9673],"tags":[6401,6374,4112,4731,3306],"class_list":{"0":"post-153335","1":"post","2":"type-post","3":"status-publish","4":"format-standard","5":"has-post-thumbnail","7":"category-prasa","8":"tag-dariusz-wilczak","9":"tag-ekspress-reporterow","10":"tag-media-2","11":"tag-miesiecznik","12":"tag-prasa-2","13":"cs-entry","14":"cs-video-wrap"},"_links":{"self":[{"href":"https:\/\/mediarun.com\/pl\/wp-json\/wp\/v2\/posts\/153335","targetHints":{"allow":["GET"]}}],"collection":[{"href":"https:\/\/mediarun.com\/pl\/wp-json\/wp\/v2\/posts"}],"about":[{"href":"https:\/\/mediarun.com\/pl\/wp-json\/wp\/v2\/types\/post"}],"author":[{"embeddable":true,"href":"https:\/\/mediarun.com\/pl\/wp-json\/wp\/v2\/users\/6"}],"replies":[{"embeddable":true,"href":"https:\/\/mediarun.com\/pl\/wp-json\/wp\/v2\/comments?post=153335"}],"version-history":[{"count":0,"href":"https:\/\/mediarun.com\/pl\/wp-json\/wp\/v2\/posts\/153335\/revisions"}],"wp:featuredmedia":[{"embeddable":true,"href":"https:\/\/mediarun.com\/pl\/wp-json\/wp\/v2\/media\/153351"}],"wp:attachment":[{"href":"https:\/\/mediarun.com\/pl\/wp-json\/wp\/v2\/media?parent=153335"}],"wp:term":[{"taxonomy":"category","embeddable":true,"href":"https:\/\/mediarun.com\/pl\/wp-json\/wp\/v2\/categories?post=153335"},{"taxonomy":"post_tag","embeddable":true,"href":"https:\/\/mediarun.com\/pl\/wp-json\/wp\/v2\/tags?post=153335"}],"curies":[{"name":"wp","href":"https:\/\/api.w.org\/{rel}","templated":true}]}}