{"id":153301,"date":"2015-04-21T13:13:37","date_gmt":"2015-04-21T13:13:37","guid":{"rendered":"https:\/\/mediarun.com\/pl\/?p=153301"},"modified":"2015-04-21T13:38:20","modified_gmt":"2015-04-21T13:38:20","slug":"nowe-kierownictwo-nugg-ad","status":"publish","type":"post","link":"https:\/\/mediarun.com\/pl\/ludzie\/awanse\/nowe-kierownictwo-nugg-ad.html","title":{"rendered":"nugg.ad z nowym kierownictwem"},"content":{"rendered":"<p>Karim H. Attia i Stephan Noller, sprawuj\u0105cy dotychczasowe kierownictwo, b\u0119d\u0105 nadal pracowa\u0107 dla firmy w funkcji doradc\u00f3w. Martin Hubert pracowa\u0142 dla Interone Worldwide GmbH, sp\u00f3\u0142ki zale\u017cnej grupy BBDO oraz jako Dyrektor Zarz\u0105dzaj\u0105cy w agencji marketingu efektywno\u015bciowego eprofessional GmbH, zanim przeszed\u0142 do Str\u00f6er Digital Group. Na ostatnim stanowisku by\u0142 odpowiedzialny za dzia\u0142ania operacyjne z wydawcami segmentu premium, promocj\u0119 i sprzeda\u017c powierzchni reklamowych w urz\u0105dzeniach mobilnych oraz rozw\u00f3j technologiczny. Martin Hubert dysponuje tym samym nie tylko bogatym do\u015bwiadczeniem w zakresie internacjonalizacji i dystrybucji, lecz wyr\u00f3\u017cnia si\u0119 szczeg\u00f3lnie swoj\u0105 wiedz\u0105 w dziedzinie technologii i zarz\u0105dzania danymi. <\/p>\n<p>\u201enugg.ad dysponuje ogromn\u0105 wiedz\u0105 w zakresie marketingu grup docelowych i na wielu rynkach cieszy si\u0119 uznan\u0105 pozycj\u0105 elastycznej i neutralnej platformy. Ciesz\u0119 si\u0119 na wsp\u00f3\u0142prac\u0119 z silnym i zgranym zespo\u0142em. Razem b\u0119dziemy mogli zaoferowa\u0107 naszym klientom inteligentne rozwi\u0105zania produktowe, szczeg\u00f3lnie w zakresie Premium Programmatic i zarz\u0105dzania danymi.\u201d &#8211; powiedzia\u0142 nowy dyrektor.<\/p>\n<p>\u201eJeste\u015bmy przekonani, \u017ce b\u0119dzie nadal kontynuowa\u0142 kurs wzrostu firmy. Pan Martin Hubert wnosi g\u0142\u0119bok\u0105 i obszern\u0105 wiedz\u0119 o bran\u017cy, jak te\u017c bogate i cenne do\u015bwiadczenia zdobyte w jego dotychczasowej pracy, a to spotyka si\u0119 bardzo rzadko. R\u00f3wnocze\u015bnie bardzo dzi\u0119kujemy panu Stephanowi Nollerowi oraz panu Karimowi H. Attia za to, \u017ce kieruj\u0105c rozwojem nugg.ad w ostatnich latach rozwin\u0119li pr\u0119\u017cn\u0105 firm\u0119 specjalizuj\u0105c\u0105 si\u0119 w bardzo skutecznym marketingu grup docelowych, kt\u00f3ra sta\u0142a si\u0119 jednocze\u015bnie pionierem bran\u017cy w zakresie ochrony danych osobowych w Europie. Dlatego te\u017c cieszymy si\u0119 z faktu, \u017ce pan Stephan Noller i pan Karim H. Attia nadal b\u0119d\u0105 doradczo wspierali nugg.ad.\u201c &#8211; m\u00f3wi Dr Detlev Ruland, Cz\u0142onek Kadry Zarz\u0105dzaj\u0105cej dzia\u0142u Post -\u00ad eCommerce -\u00ad Parcel oraz Przewodnicz\u0105cy Rady Nadzorczej nugg.ad AG.<\/p>\n","protected":false},"excerpt":{"rendered":"By\u0142y dyrektor zarz\u0105dzaj\u0105cy Str\u00f6er Digital Group Martin Huber przejmie kierownictwo w nugg.ad. firmie specjalizuj\u0105cej si\u0119 w kierowaniu reklam do konkretnej grupy docelowej. Hubert skoncentruje si\u0119 na rozbudowie sieci sprzeda\u017cy na arenie mi\u0119dzynarodowej i poszerzaniu portfolio firmy w zakresie zarz\u0105dzania danymi.","protected":false},"author":6,"featured_media":153305,"comment_status":"open","ping_status":"closed","sticky":false,"template":"","format":"standard","meta":{"csco_display_header_overlay":false,"csco_singular_sidebar":"","csco_page_header_type":"","csco_page_load_nextpost":"","csco_post_video_location":[],"csco_post_video_location_hash":"","csco_post_video_url":"","csco_post_video_bg_start_time":0,"csco_post_video_bg_end_time":0,"footnotes":""},"categories":[9678],"tags":[3621,6395,2554,6396],"class_list":{"0":"post-153301","1":"post","2":"type-post","3":"status-publish","4":"format-standard","5":"has-post-thumbnail","7":"category-awanse","8":"tag-awans","9":"tag-martin-huber","10":"tag-nugg-ad","11":"tag-stroer-digital-group","12":"cs-entry","13":"cs-video-wrap"},"_links":{"self":[{"href":"https:\/\/mediarun.com\/pl\/wp-json\/wp\/v2\/posts\/153301","targetHints":{"allow":["GET"]}}],"collection":[{"href":"https:\/\/mediarun.com\/pl\/wp-json\/wp\/v2\/posts"}],"about":[{"href":"https:\/\/mediarun.com\/pl\/wp-json\/wp\/v2\/types\/post"}],"author":[{"embeddable":true,"href":"https:\/\/mediarun.com\/pl\/wp-json\/wp\/v2\/users\/6"}],"replies":[{"embeddable":true,"href":"https:\/\/mediarun.com\/pl\/wp-json\/wp\/v2\/comments?post=153301"}],"version-history":[{"count":0,"href":"https:\/\/mediarun.com\/pl\/wp-json\/wp\/v2\/posts\/153301\/revisions"}],"wp:featuredmedia":[{"embeddable":true,"href":"https:\/\/mediarun.com\/pl\/wp-json\/wp\/v2\/media\/153305"}],"wp:attachment":[{"href":"https:\/\/mediarun.com\/pl\/wp-json\/wp\/v2\/media?parent=153301"}],"wp:term":[{"taxonomy":"category","embeddable":true,"href":"https:\/\/mediarun.com\/pl\/wp-json\/wp\/v2\/categories?post=153301"},{"taxonomy":"post_tag","embeddable":true,"href":"https:\/\/mediarun.com\/pl\/wp-json\/wp\/v2\/tags?post=153301"}],"curies":[{"name":"wp","href":"https:\/\/api.w.org\/{rel}","templated":true}]}}