{"id":153037,"date":"2015-04-16T10:44:23","date_gmt":"2015-04-16T10:44:23","guid":{"rendered":"https:\/\/mediarun.com\/pl\/?p=153037"},"modified":"2015-04-18T10:04:25","modified_gmt":"2015-04-18T10:04:25","slug":"powstala-koalicja-na-rzecz-polskich-innowacji","status":"publish","type":"post","link":"https:\/\/mediarun.com\/pl\/marketing\/powstala-koalicja-na-rzecz-polskich-innowacji.html","title":{"rendered":"Powsta\u0142a Koalicja na rzecz Polskich Innowacji"},"content":{"rendered":"<p>Koalicja, kt\u00f3rej za\u0142o\u017cycielami s\u0105 m.in. Fundacja na rzecz Nauki Polskiej, Gda\u0144ski Park Naukowo-Technologiczny, Intel, Konfederacja Lewiatan, Narodowe Centrum Bada\u0144 i Rozwoju, PwC, Startup Poland czy Wardy\u0144ski i Wsp\u00f3lnicy dzia\u0142a na rzecz stworzenia przyjaznych warunk\u00f3w dla rozwoju ekosystemu innowacji w Polsce. W wyniku prac KPI zostan\u0105 wypracowane szczeg\u00f3\u0142owe proinnowacyjne rozwi\u0105zania na rzecz rozwoju sektora B+R w Polsce i zwi\u0119kszenia poziomu innowacyjno\u015bci polskiej gospodarki.<\/p>\n<p><em>&#8222;Polskie firmy musz\u0105 sta\u0107 si\u0119 innowacyjne, ekspansywne, zacz\u0105\u0107 budowa\u0107 globalne marki i dociera\u0107 ze swoj\u0105 ofert\u0105 do klient\u00f3w na ca\u0142ym \u015bwiecie&#8221;<\/em> &#8211; komentuje powstanie Koalicji <strong>prof. Witold Or\u0142owski, g\u0142\u00f3wny doradca ekonomiczny PwC<\/strong>. <strong>Prof. Krzysztof Jan Kurzyd\u0142owski, dyrektor NCBR<\/strong> dodaje: <em>&#8222;Wsp\u00f3lne dzia\u0142anie jest wi\u0119c niezwykle wa\u017cne, bowiem rozw\u00f3j innowacji to nie jedynie wy\u015bcig o prymat \u015bwiatowy, ale przede wszystkim wzrost dobrobytu obywateli i bardziej atrakcyjne \u017cycie codzienne w Polsce. Dlatego ciesz\u0119 si\u0119, \u017ce tak wielu \u015brodowiskom zale\u017cy na rozwoju kultury innowacyjno\u015bci w naszym kraju.&#8221;<\/em><\/p>\n<p><em>&#8222;Koalicja na rzecz Polskich Innowacji b\u0119dzie podejmowa\u0107 mi\u0119dzy innymi dzia\u0142ania maj\u0105ce na celu zbli\u017cenie \u015brodowisk naukowych i biznesowych w Polsce, a tak\u017ce poprawienie jako\u015bci dialogu mi\u0119dzysektorowego \u2013 jest to dla nas jedno z jej najwa\u017cniejszych zada\u0144. Zale\u017cy nam na tym, aby w ramach grup roboczych wypracowa\u0107 mi\u0119dzy innymi instrumenty wsparcia dla firm chc\u0105cych zaanga\u017cowa\u0107 si\u0119 w dzia\u0142alno\u015b\u0107 w sferze B+R&#8221;<\/em> \u2013 dodaje <strong>prof. Maciej \u017bylicz, prezes Fundacji na rzecz Nauki Polskiej<\/strong>.<\/p>\n<p><strong>Swoj\u0105 misj\u0119 Koalicja b\u0119dzie realizowa\u0142a poprzez:<br \/>\n<\/strong><br \/>\n1. Rozwijanie inteligencji rynkowej poprzez stymulowanie w\u0142a\u015bciwych kierunk\u00f3w bada\u0144 naukowych oraz wypracowanie kultury organizacyjnej sprzyjaj\u0105cej wzmacnianiu ekosystemu innowacji.<br \/>\n2. Wskazanie  narodowych specjalno\u015bci w badaniach i nauce o najwi\u0119kszym potencjale oraz ich promocja w Polsce i za granic\u0105.<br \/>\n3. Wprowadzanie dogodnych warunk\u00f3w do tworzenia nowych innowacyjnych firm (start-up\u00f3w) w Polsce oraz dzia\u0142anie na rzecz poprawy ich wsp\u00f3\u0142pracy z innymi sektorami gospodarki.<br \/>\n4. Wypracowywanie i promowanie narz\u0119dzi do ochrony, zarz\u0105dzania i komercjalizacji w\u0142asno\u015bci intelektualnej.<br \/>\n5. Dzia\u0142anie na rzecz zbli\u017cenia \u015bwiata nauki oraz biznesu, zwi\u0119kszaj\u0105ce sk\u0142onno\u015b\u0107 do inwestowania w badania naukowe i transfer wiedzy.<br \/>\n6. Tworzenie dogodnych warunk\u00f3w dla biznesu do otwierania i rozwijania oddzia\u0142\u00f3w R&#038;D w kraju oraz zwi\u0119kszanie ich zaanga\u017cowania w badania naukowe.<br \/>\n7. Wypracowanie strategii zmian legislacyjnych s\u0142u\u017c\u0105cych rozwojowi innowacyjnej gospodarki.<br \/>\n8. Promowanie tw\u00f3rczych i przedsi\u0119biorczych postaw oraz zach\u0119canie m\u0142odzie\u017cy do planowania kariery w obszarze innowacji.<br \/>\n9. Wspieranie budowy wiod\u0105cych centr\u00f3w naukowych, kt\u00f3re przyci\u0105gn\u0105 do kraju ambitne projekty, wybitne talenty, a wraz z nimi innowacyjne firmy i dodatkowe mo\u017cliwo\u015bci finansowania.<\/p>\n<p><strong>Bie\u017c\u0105ca dzia\u0142alno\u015b\u0107 Koalicji b\u0119dzie opiera\u0107 si\u0119 na pracach czterech grup roboczych dedykowanych poszczeg\u00f3lnym obszarom tematycznym:<br \/>\n<\/strong>1) regulacjom prawnym,<br \/>\n2) wsp\u00f3\u0142pracy nauki z biznesem,<br \/>\n3) zarz\u0105dzaniu IP, komercjalizacji bada\u0144 i Venture Capital<br \/>\n4) systemowi podatkowemu w kontek\u015bcie procesu innowacji. <\/p>\n<p>Operatorem Koalicji na rzecz Polskich Innowacji jest Fundacja Res Publica.<\/p>\n<p>Wi\u0119cej informacji mo\u017cna znale\u017a\u0107 na <a href=\"http:\/\/www.koalicjadlainnowacji.pl\" target=\"_blank\" rel=\"noopener\"><strong>STRONIE INTERNETOWEJ<\/strong><\/a> projektu. <\/p>\n","protected":false},"excerpt":{"rendered":"Realne, trwa\u0142e i systemowe zmiany gospodarczo-spo\u0142eczne to cel, kt\u00f3ry b\u0119dzie realizowa\u0107 Koalicja na rzecz Polskich Innowacji. Zosta\u0142a powo\u0142ana do \u017cycia przez najpr\u0119\u017cniej dzia\u0142aj\u0105ce w Polsce instytucje naukowe, akademickie i biznesowe. Misja KPI zosta\u0142a przedstawiona w czasie spotkania inauguracyjnego, kt\u00f3re odby\u0142o si\u0119 16 kwietnia w Warszawie.","protected":false},"author":1,"featured_media":153040,"comment_status":"open","ping_status":"closed","sticky":false,"template":"","format":"standard","meta":{"csco_display_header_overlay":false,"csco_singular_sidebar":"","csco_page_header_type":"","csco_page_load_nextpost":"","csco_post_video_location":[],"csco_post_video_location_hash":"","csco_post_video_url":"","csco_post_video_bg_start_time":0,"csco_post_video_bg_end_time":0,"footnotes":""},"categories":[9639],"tags":[3166,6359,6360,580,6358,4611,867,6362,6363],"class_list":{"0":"post-153037","1":"post","2":"type-post","3":"status-publish","4":"format-standard","5":"has-post-thumbnail","7":"category-marketing","8":"tag-badania-2","9":"tag-fundacja-na-rzecz-nauki-polskiej","10":"tag-gdanski-park-naukowo-technologiczny","11":"tag-intel","12":"tag-koalicja-polskich-innowacji","13":"tag-konfederacja-lewiatan","14":"tag-pwc","15":"tag-startup-poland","16":"tag-wardynski-i-wspolnicy","17":"cs-entry","18":"cs-video-wrap"},"_links":{"self":[{"href":"https:\/\/mediarun.com\/pl\/wp-json\/wp\/v2\/posts\/153037","targetHints":{"allow":["GET"]}}],"collection":[{"href":"https:\/\/mediarun.com\/pl\/wp-json\/wp\/v2\/posts"}],"about":[{"href":"https:\/\/mediarun.com\/pl\/wp-json\/wp\/v2\/types\/post"}],"author":[{"embeddable":true,"href":"https:\/\/mediarun.com\/pl\/wp-json\/wp\/v2\/users\/1"}],"replies":[{"embeddable":true,"href":"https:\/\/mediarun.com\/pl\/wp-json\/wp\/v2\/comments?post=153037"}],"version-history":[{"count":0,"href":"https:\/\/mediarun.com\/pl\/wp-json\/wp\/v2\/posts\/153037\/revisions"}],"wp:featuredmedia":[{"embeddable":true,"href":"https:\/\/mediarun.com\/pl\/wp-json\/wp\/v2\/media\/153040"}],"wp:attachment":[{"href":"https:\/\/mediarun.com\/pl\/wp-json\/wp\/v2\/media?parent=153037"}],"wp:term":[{"taxonomy":"category","embeddable":true,"href":"https:\/\/mediarun.com\/pl\/wp-json\/wp\/v2\/categories?post=153037"},{"taxonomy":"post_tag","embeddable":true,"href":"https:\/\/mediarun.com\/pl\/wp-json\/wp\/v2\/tags?post=153037"}],"curies":[{"name":"wp","href":"https:\/\/api.w.org\/{rel}","templated":true}]}}