{"id":152938,"date":"2015-04-15T12:42:13","date_gmt":"2015-04-15T12:42:13","guid":{"rendered":"https:\/\/mediarun.com\/pl\/?p=152938"},"modified":"2015-04-18T10:04:25","modified_gmt":"2015-04-18T10:04:25","slug":"ustawa-krajobrazowa-zapewni-miastom-estetyke","status":"publish","type":"post","link":"https:\/\/mediarun.com\/pl\/marketing\/atl\/ustawa-krajobrazowa-zapewni-miastom-estetyke.html","title":{"rendered":"Ustawa krajobrazowa zapewni miastom estetyk\u0119?"},"content":{"rendered":"<p>Dlaczego? Chodzi o wysoko\u015b\u0107 kary za nielegalne umieszczenie reklamy. Mia\u0142a by\u0107 dotkliwa \u2013 proponowano czterdziestokrotno\u015b\u0107 op\u0142aty reklamowej (nowego podatku samorz\u0105dowego) \u2013 a jest niewielka. Ma wynosi\u0107 tylko 5 tys. z\u0142. <em>\u201eUstawie wybito z\u0119by. Kara musi dzia\u0142a\u0107 odstraszaj\u0105co na reklamodawc\u00f3w \u00bbcwaniak\u00f3w\u00ab\u201d<\/em> \u2013 m\u00f3wi <strong>Aleksandra St\u0119pie\u0144 ze Stowarzyszenia Miasto Moje A w Nim<\/strong>.<\/p>\n<p><iframe width=\"800\" height=\"450\" src=\"\/\/uprct5xoj.sitebees.com\/file\/embedded\/videopreview\/NEWS_FILE\/689435\" frameborder=\"0\" allowfullscreen><\/iframe><\/p>\n<p>Ca\u0142a nadzieja w poprawkach do ustawy, kt\u00f3re prawdopodobnie naniesie Senat, takich jak np. umo\u017cliwienie karania w trybie administracyjnym za nielegalne reklamy czy wprowadzenie regulacji dotycz\u0105cych umieszczania szyld\u00f3w.<\/p>\n<p>Ustawa jest wyczekiwana przez samorz\u0105dy, poniewa\u017c otrzymaj\u0105 one instrumenty do ochrony krajobrazu. Rady gmin b\u0119d\u0105 mog\u0142y ustala\u0107 zasady sytuowania reklam. Ponadto wprowadzona zostanie op\u0142ata od posiadania tablic (maksymalnie 2,50 z\u0142 na dzie\u0144) i reklam (20 gr dziennie od m2 powierzchni). Z kolei urz\u0119dy wojew\u00f3dzkie b\u0119d\u0105 mia\u0142y trzy lata na przeprowadzenie audytu, w kt\u00f3rym zostan\u0105 wskazane zagro\u017cenia krajobrazu, a tak\u017ce rekomendacje i wnioski dotycz\u0105ce jego kszta\u0142towana oraz ochrony.<\/p>\n<p>\u017ar\u00f3d\u0142o: infoWire.pl <\/p>\n","protected":false},"excerpt":{"rendered":"Plakaty, banery, wielkoformatowe bilbordy \u2013 polsk\u0105 przestrze\u0144 publiczn\u0105 po\u017ceraj\u0105 reklamy. W dbaniu o estetyczny wygl\u0105d miast mia\u0142a pom\u00f3c ustawa krajobrazowa. Niestety, kszta\u0142t, w jakim zosta\u0142a przyj\u0119ta w Sejmie, nie jest zadowalaj\u0105cy.","protected":false},"author":1,"featured_media":152952,"comment_status":"open","ping_status":"closed","sticky":false,"template":"","format":"standard","meta":{"csco_display_header_overlay":false,"csco_singular_sidebar":"","csco_page_header_type":"","csco_page_load_nextpost":"","csco_post_video_location":[],"csco_post_video_location_hash":"","csco_post_video_url":"","csco_post_video_bg_start_time":0,"csco_post_video_bg_end_time":0,"footnotes":""},"categories":[9642],"tags":[6018,6344,200,4032,3975,6343],"class_list":{"0":"post-152938","1":"post","2":"type-post","3":"status-publish","4":"format-standard","5":"has-post-thumbnail","7":"category-atl","8":"tag-billboardy","9":"tag-infowire","10":"tag-reklama","11":"tag-sejm","12":"tag-ustawa","13":"tag-ustawa-krajobrazowa","14":"cs-entry","15":"cs-video-wrap"},"_links":{"self":[{"href":"https:\/\/mediarun.com\/pl\/wp-json\/wp\/v2\/posts\/152938","targetHints":{"allow":["GET"]}}],"collection":[{"href":"https:\/\/mediarun.com\/pl\/wp-json\/wp\/v2\/posts"}],"about":[{"href":"https:\/\/mediarun.com\/pl\/wp-json\/wp\/v2\/types\/post"}],"author":[{"embeddable":true,"href":"https:\/\/mediarun.com\/pl\/wp-json\/wp\/v2\/users\/1"}],"replies":[{"embeddable":true,"href":"https:\/\/mediarun.com\/pl\/wp-json\/wp\/v2\/comments?post=152938"}],"version-history":[{"count":0,"href":"https:\/\/mediarun.com\/pl\/wp-json\/wp\/v2\/posts\/152938\/revisions"}],"wp:featuredmedia":[{"embeddable":true,"href":"https:\/\/mediarun.com\/pl\/wp-json\/wp\/v2\/media\/152952"}],"wp:attachment":[{"href":"https:\/\/mediarun.com\/pl\/wp-json\/wp\/v2\/media?parent=152938"}],"wp:term":[{"taxonomy":"category","embeddable":true,"href":"https:\/\/mediarun.com\/pl\/wp-json\/wp\/v2\/categories?post=152938"},{"taxonomy":"post_tag","embeddable":true,"href":"https:\/\/mediarun.com\/pl\/wp-json\/wp\/v2\/tags?post=152938"}],"curies":[{"name":"wp","href":"https:\/\/api.w.org\/{rel}","templated":true}]}}