{"id":152862,"date":"2015-04-14T12:01:26","date_gmt":"2015-04-14T12:01:26","guid":{"rendered":"https:\/\/mediarun.com\/pl\/?p=152862"},"modified":"2015-04-18T10:04:27","modified_gmt":"2015-04-18T10:04:27","slug":"do-37-zl-za-akcje-grupy-wp","status":"publish","type":"post","link":"https:\/\/mediarun.com\/pl\/marketing\/przetargi\/do-37-zl-za-akcje-grupy-wp.html","title":{"rendered":"Do 37 z\u0142 za akcj\u0119 Grupy WP"},"content":{"rendered":"<p>Sp\u00f3\u0142ka oczekuje, \u017ce wp\u0142ywy netto z emisji nowych akcji wynios\u0105 od 80 do 100 mln z\u0142. Zarz\u0105d zamierza przeznaczy\u0107 od 50 do 80 mln z\u0142 z ww. kwoty na finansowanie kolejnych przej\u0119\u0107, kt\u00f3re umo\u017cliwi\u0105 Grupie realizacj\u0119 strategii.<\/p>\n<p><em>&#8222;Po po\u0142\u0105czeniu Grupy o2 z Wirtualn\u0105 Polsk\u0105 kontynuowali\u015bmy budow\u0119 warto\u015bci naszej grupy poprzez starannie dobrane akwizycje. Na przej\u0119cie takich podmiot\u00f3w jak Grupa Money, Domodi, Homebook czy Sportowe Fakty przeznaczyli\u015bmy \u0142\u0105cznie ponad 70 mln z\u0142.&#8221;<\/em> &#8211; m\u00f3wi <strong>Jacek \u015awiderski, Prezes Zarz\u0105du Sp\u00f3\u0142ki<\/strong> &#8222;<em>Konsekwentnie inwestujemy w sp\u00f3\u0142ki komplementarne w stosunku do prowadzonej przez nas dzia\u0142alno\u015bci. <strong>Celem Grupy WP jest osi\u0105gni\u0119cie pozycji partnera pierwszego wyboru, naturalnego i g\u0142\u00f3wnego medium informacyjno-kulturalno-rozrywkowego w Polsce<\/strong>.<\/em><\/em><\/p>\n<p><em>Debiut gie\u0142dowy umo\u017cliwi Wirtualnej Polsce pozyskanie dodatkowych \u015brodk\u00f3w na dalszy rozw\u00f3j                  i aktywne uczestnictwo w konsolidacji rynku internetowego w Polsce. Po debiucie pozostaniemy najwi\u0119kszym akcjonariuszem Sp\u00f3\u0142ki i b\u0119dziemy dalej wspiera\u0107 jej rozw\u00f3j.<\/em> \u2013 m\u00f3wi <strong>Krzysztof Krawczyk, Partner Zarz\u0105dzaj\u0105cy funduszu Innova Capital<\/strong>. <\/p>\n<p>Od 20 do 30 mln z\u0142 ze \u015brodk\u00f3w pozyskanych z emisji nowych akcji Sp\u00f3\u0142ka zamierza na sp\u0142at\u0119 zad\u0142u\u017cenia z tytu\u0142u kredyt\u00f3w bankowych.<\/p>\n<p>Grupa Wirtualna Polska zaoferuje na gie\u0142dzie nie wi\u0119cej ni\u017c 5,85 mln akcji, kt\u00f3re stanowi\u0105 do 23,5% kapita\u0142u zak\u0142adowego Sp\u00f3\u0142ki. Zamierza te\u017c wyemitowa\u0107 8,97 mln nowych akcji. <\/p>\n<p>Inwestorzy indywidualni b\u0119d\u0105 sk\u0142ada\u0107 zapisy wy\u0142\u0105cznie na nowe akcje (maksymalnie 15% og\u00f3\u0142u nowo wyemitowanych). Pozosta\u0142e natomiast dost\u0119pne b\u0119d\u0105 dla inwestor\u00f3w instytucjonalnych. Maksymalna cena za jedn\u0105 akcj\u0119 wyniesie 37 z\u0142. Zapisy na akcje od inwestor\u00f3w indywidualnych przyjmowane b\u0119d\u0105 od 15 do 22 kwietnia br. <\/p>\n","protected":false},"excerpt":{"rendered":"Grupa Wirtualna Polska, w\u0142a\u015bciciel takich portali jak Wirtualna Polska, o2, BizTok, Money.pl, Kafeteria, Sportowe Fakty, czy Dobreprogramy zadebiutuje na gie\u0142dzie w okolicach 8 maja. \u015arodki z emisji akcji zostan\u0105 przeznaczone mi\u0119dzy innymi na kolejne przej\u0119cia.","protected":false},"author":1,"featured_media":152863,"comment_status":"open","ping_status":"closed","sticky":false,"template":"","format":"standard","meta":{"csco_display_header_overlay":false,"csco_singular_sidebar":"","csco_page_header_type":"","csco_page_load_nextpost":"","csco_post_video_location":[],"csco_post_video_location_hash":"","csco_post_video_url":"","csco_post_video_bg_start_time":0,"csco_post_video_bg_end_time":0,"footnotes":""},"categories":[4636],"tags":[3524,5000,2277,4340,6330],"class_list":{"0":"post-152862","1":"post","2":"type-post","3":"status-publish","4":"format-standard","5":"has-post-thumbnail","7":"category-przetargi","8":"tag-debiut","9":"tag-gielda","10":"tag-gpw","11":"tag-grupa-wp","12":"tag-jacek-swiderski","13":"cs-entry","14":"cs-video-wrap"},"_links":{"self":[{"href":"https:\/\/mediarun.com\/pl\/wp-json\/wp\/v2\/posts\/152862","targetHints":{"allow":["GET"]}}],"collection":[{"href":"https:\/\/mediarun.com\/pl\/wp-json\/wp\/v2\/posts"}],"about":[{"href":"https:\/\/mediarun.com\/pl\/wp-json\/wp\/v2\/types\/post"}],"author":[{"embeddable":true,"href":"https:\/\/mediarun.com\/pl\/wp-json\/wp\/v2\/users\/1"}],"replies":[{"embeddable":true,"href":"https:\/\/mediarun.com\/pl\/wp-json\/wp\/v2\/comments?post=152862"}],"version-history":[{"count":0,"href":"https:\/\/mediarun.com\/pl\/wp-json\/wp\/v2\/posts\/152862\/revisions"}],"wp:featuredmedia":[{"embeddable":true,"href":"https:\/\/mediarun.com\/pl\/wp-json\/wp\/v2\/media\/152863"}],"wp:attachment":[{"href":"https:\/\/mediarun.com\/pl\/wp-json\/wp\/v2\/media?parent=152862"}],"wp:term":[{"taxonomy":"category","embeddable":true,"href":"https:\/\/mediarun.com\/pl\/wp-json\/wp\/v2\/categories?post=152862"},{"taxonomy":"post_tag","embeddable":true,"href":"https:\/\/mediarun.com\/pl\/wp-json\/wp\/v2\/tags?post=152862"}],"curies":[{"name":"wp","href":"https:\/\/api.w.org\/{rel}","templated":true}]}}